{"id":28168,"date":"2020-05-15T19:06:16","date_gmt":"2020-05-15T19:06:16","guid":{"rendered":"https:\/\/sertv.gob.pa\/crisolfm\/?p=28168"},"modified":"2020-05-15T19:06:16","modified_gmt":"2020-05-15T19:06:16","slug":"micultura-celebra-dia-internacional-de-los-museos","status":"publish","type":"post","link":"https:\/\/sertv.gob.pa\/crisolfm\/micultura-celebra-dia-internacional-de-los-museos\/","title":{"rendered":"MiCultura celebra D\u00eda Internacional de los Museos"},"content":{"rendered":"<p>El Ministerio de Cultura se une a la celebraci\u00f3n del D\u00eda Internacional de los Museos, reflexionando sobre el papel de los museos como agentes de educaci\u00f3n y de integraci\u00f3n social para todos, con el lema \u201cMuseos por igualdad: diversidad e inclusi\u00f3n\u201d, haciendo \u00e9nfasis en el encuentro con nuestro p\u00fablico ante el escenario de la nueva normalidad post Covid-19.<\/p>\n<p>Aguilar Navarro reconoci\u00f3 que este a\u00f1o ha sido de grandes desaf\u00edos, retos y oportunidades para los museos de Panam\u00e1 y el Mundo, por ello, a trav\u00e9s del estudio y exposici\u00f3n de objetos de valor relacionados con la ciencia y el arte, as\u00ed como art\u00edculos culturalmente importantes para el desarrollo de nuestro conocimiento, se transmite el encuentro con la historia para sensibilizarnos con lo que fuimos y somos como sociedad.<\/p>\n<p>\u201cLos museos son espacios de conservaci\u00f3n y acceso p\u00fablico que muestran nuestra herencia a trav\u00e9s de objetos que atestiguan nuestro patrimonio material e inmaterial, nuestro entorno, cultura y medio ambiente\u201d, indic\u00f3 el ministro Aguilar Navarro.<\/p>\n<p>Por su parte, Gabriel Gonz\u00e1lez, vice ministro de Cultura, hizo un llamado a innovar a trav\u00e9s de los procesos de virtualizaci\u00f3n del conocimiento en estos tiempos de cambios, para ofrecer a los profesionales de nuestros museos, la oportunidad de encontrarse con el p\u00fablico visitante y sensibilizarlo sobre los desaf\u00edos existentes para que estos espacios sean inclusivos y accesibles para todos los paname\u00f1os y paname\u00f1as, desde sus visitas en sitio como a los recorridos virtuales que ofrecemos como sector cultural.<\/p>\n<p>\u201cEstos desaf\u00edos nos llevan a proponer estrategias que se aplicar\u00e1n a nuestros centros para lograr los objetivos de integraci\u00f3n, utilizando las herramientas tecnol\u00f3gicas a nuestro alcance y as\u00ed visibilizar nuestros contenidos museogr\u00e1ficos, coment\u00f3 Gonz\u00e1lez.<\/p>\n<p>Por ello, desde el Ministerio de Cultura la instituci\u00f3n se une a la celebraci\u00f3n mundial invitando a visitar cada uno de estos espacios, hoy de manera virtual, y que conozcamos ese mundo interesante que nos cuentan los museos a trav\u00e9s de sus colecciones.<\/p>\n<p>La cultura es un eje de transformaci\u00f3n social y los museos contribuyen enriquecer los cambios que necesitamos para tener un mundo mejor.<\/p>\n<p>&nbsp;<\/p>\n<p>Fuente: MiCultura<\/p>\n<p>&nbsp;<\/p>\n","protected":false},"excerpt":{"rendered":"<p>El Ministerio de Cultura se une a la celebraci\u00f3n del <a href=\"https:\/\/sertv.gob.pa\/crisolfm\/micultura-celebra-dia-internacional-de-los-museos\/\"> [&#8230;]<\/a><\/p>\n","protected":false},"author":64,"featured_media":28169,"comment_status":"closed","ping_status":"closed","sticky":false,"template":"","format":"standard","meta":{"footnotes":""},"categories":[6],"tags":[],"class_list":["post-28168","post","type-post","status-publish","format-standard","has-post-thumbnail","hentry","category-culturales"],"_links":{"self":[{"href":"https:\/\/sertv.gob.pa\/crisolfm\/wp-json\/wp\/v2\/posts\/28168","targetHints":{"allow":["GET"]}}],"collection":[{"href":"https:\/\/sertv.gob.pa\/crisolfm\/wp-json\/wp\/v2\/posts"}],"about":[{"href":"https:\/\/sertv.gob.pa\/crisolfm\/wp-json\/wp\/v2\/types\/post"}],"author":[{"embeddable":true,"href":"https:\/\/sertv.gob.pa\/crisolfm\/wp-json\/wp\/v2\/users\/64"}],"replies":[{"embeddable":true,"href":"https:\/\/sertv.gob.pa\/crisolfm\/wp-json\/wp\/v2\/comments?post=28168"}],"version-history":[{"count":1,"href":"https:\/\/sertv.gob.pa\/crisolfm\/wp-json\/wp\/v2\/posts\/28168\/revisions"}],"predecessor-version":[{"id":28170,"href":"https:\/\/sertv.gob.pa\/crisolfm\/wp-json\/wp\/v2\/posts\/28168\/revisions\/28170"}],"wp:featuredmedia":[{"embeddable":true,"href":"https:\/\/sertv.gob.pa\/crisolfm\/wp-json\/wp\/v2\/media\/28169"}],"wp:attachment":[{"href":"https:\/\/sertv.gob.pa\/crisolfm\/wp-json\/wp\/v2\/media?parent=28168"}],"wp:term":[{"taxonomy":"category","embeddable":true,"href":"https:\/\/sertv.gob.pa\/crisolfm\/wp-json\/wp\/v2\/categories?post=28168"},{"taxonomy":"post_tag","embeddable":true,"href":"https:\/\/sertv.gob.pa\/crisolfm\/wp-json\/wp\/v2\/tags?post=28168"}],"curies":[{"name":"wp","href":"https:\/\/api.w.org\/{rel}","templated":true}]}}