{"id":28212,"date":"2020-05-18T14:13:59","date_gmt":"2020-05-18T14:13:59","guid":{"rendered":"https:\/\/sertv.gob.pa\/crisolfm\/?p=28212"},"modified":"2020-05-18T14:13:59","modified_gmt":"2020-05-18T14:13:59","slug":"el-monte-fuji-de-japon-estara-cerrado-este-verano-por-la-pandemia-del-nuevo-coronavirus","status":"publish","type":"post","link":"https:\/\/sertv.gob.pa\/crisolfm\/el-monte-fuji-de-japon-estara-cerrado-este-verano-por-la-pandemia-del-nuevo-coronavirus\/","title":{"rendered":"El monte Fuji de Jap\u00f3n estar\u00e1 cerrado este verano por la pandemia del nuevo coronavirus"},"content":{"rendered":"<p>El monte Fuji, el volc\u00e1n m\u00e1s conocido de Jap\u00f3n, estar\u00e1 cerrado a los visitantes este verano para prevenir la propagaci\u00f3n del nuevo coronavirus, anunciaron este lunes las autoridades.<\/p>\n<p>La prefectura de Shizuoka, donde se encuentra la monta\u00f1a m\u00e1s alta del pa\u00eds (3.776 metros), anunci\u00f3 que tres de los cuatro principales accesos al Fuji ser\u00e1n cerrados.<\/p>\n<p>El sendero Yoshida, cuarto acceso y el m\u00e1s popular para ascender al volc\u00e1n, tambi\u00e9n estar\u00e1 cerrado, hab\u00eda anunciado antes la prefectura vecina de Yamanashi.<\/p>\n<p>\u00abLos senderos abren en verano, pero este a\u00f1o los mantendremos cerrados del 10 de julio al 10 de septiembre\u00bb, es decir durante la temporada de ascenso al monte Fuji, explic\u00f3 a la AFP un responsable de la prefectura de Shizuoka. \u00abTomamos esta medida para evitar cualquier propagaci\u00f3n del coronavirus\u00bb, dijo.<\/p>\n<p>Es la primera vez que los senderos de acceso al c\u00e9lebre volc\u00e1n estar\u00e1n cerrados desde que esa prefectura comenz\u00f3 a administrarlos en 1960, agreg\u00f3.<\/p>\n<p>Patrimonio mundial de la Unesco, el monte Fuji est\u00e1 situado a unos cien kil\u00f3metros al sudoeste de Tokio, desde donde es visible.<\/p>\n<p>El a\u00f1o pasado recibi\u00f3 a unos 236.000 visitantes, seg\u00fan su sitio oficial.<\/p>\n<p>Jap\u00f3n no se ha visto hasta ahora muy afectado por la pandemia de la covid-19, en comparaci\u00f3n con algunos pa\u00edses de Europa o Estados Unidos, y registra unos 16.000 casos confirmados y 749 muertos.<\/p>\n<p>Fuente:\u00a0 AFP &#8211; Tokio<\/p>\n","protected":false},"excerpt":{"rendered":"<p>El monte Fuji, el volc\u00e1n m\u00e1s conocido de Jap\u00f3n, estar\u00e1 <a href=\"https:\/\/sertv.gob.pa\/crisolfm\/el-monte-fuji-de-japon-estara-cerrado-este-verano-por-la-pandemia-del-nuevo-coronavirus\/\"> [&#8230;]<\/a><\/p>\n","protected":false},"author":64,"featured_media":28213,"comment_status":"closed","ping_status":"closed","sticky":false,"template":"","format":"standard","meta":{"footnotes":""},"categories":[6],"tags":[],"class_list":["post-28212","post","type-post","status-publish","format-standard","has-post-thumbnail","hentry","category-culturales"],"_links":{"self":[{"href":"https:\/\/sertv.gob.pa\/crisolfm\/wp-json\/wp\/v2\/posts\/28212","targetHints":{"allow":["GET"]}}],"collection":[{"href":"https:\/\/sertv.gob.pa\/crisolfm\/wp-json\/wp\/v2\/posts"}],"about":[{"href":"https:\/\/sertv.gob.pa\/crisolfm\/wp-json\/wp\/v2\/types\/post"}],"author":[{"embeddable":true,"href":"https:\/\/sertv.gob.pa\/crisolfm\/wp-json\/wp\/v2\/users\/64"}],"replies":[{"embeddable":true,"href":"https:\/\/sertv.gob.pa\/crisolfm\/wp-json\/wp\/v2\/comments?post=28212"}],"version-history":[{"count":1,"href":"https:\/\/sertv.gob.pa\/crisolfm\/wp-json\/wp\/v2\/posts\/28212\/revisions"}],"predecessor-version":[{"id":28214,"href":"https:\/\/sertv.gob.pa\/crisolfm\/wp-json\/wp\/v2\/posts\/28212\/revisions\/28214"}],"wp:featuredmedia":[{"embeddable":true,"href":"https:\/\/sertv.gob.pa\/crisolfm\/wp-json\/wp\/v2\/media\/28213"}],"wp:attachment":[{"href":"https:\/\/sertv.gob.pa\/crisolfm\/wp-json\/wp\/v2\/media?parent=28212"}],"wp:term":[{"taxonomy":"category","embeddable":true,"href":"https:\/\/sertv.gob.pa\/crisolfm\/wp-json\/wp\/v2\/categories?post=28212"},{"taxonomy":"post_tag","embeddable":true,"href":"https:\/\/sertv.gob.pa\/crisolfm\/wp-json\/wp\/v2\/tags?post=28212"}],"curies":[{"name":"wp","href":"https:\/\/api.w.org\/{rel}","templated":true}]}}