{"id":28222,"date":"2020-05-18T15:06:29","date_gmt":"2020-05-18T15:06:29","guid":{"rendered":"https:\/\/sertv.gob.pa\/crisolfm\/?p=28222"},"modified":"2020-05-18T15:06:29","modified_gmt":"2020-05-18T15:06:29","slug":"la-basilica-de-san-pedro-reabre-en-una-italia-que-avanza-en-su-desconfinamiento","status":"publish","type":"post","link":"https:\/\/sertv.gob.pa\/crisolfm\/la-basilica-de-san-pedro-reabre-en-una-italia-que-avanza-en-su-desconfinamiento\/","title":{"rendered":"La bas\u00edlica de San Pedro reabre, en una Italia que avanza en su desconfinamiento"},"content":{"rendered":"<p>La bas\u00edlica de San Pedro de Roma reabri\u00f3 este lunes sus puertas al p\u00fablico, s\u00edmbolo de un retorno a una relativa normalidad en Italia donde el desconfinamiento entra en la \u00abfase 2\u00bb, con la reapertura de los comercios, los caf\u00e9s y las terrazas y la reanudaci\u00f3n de las misas.<\/p>\n<p>Ante un grupo de unos 30 fieles, dispuestos a distancia de seguridad, Francisco celebr\u00f3 una misa en la capilla dentro de la bas\u00edlica de San Pedro, donde se conservan los restos mortales del papa Juan Pablo II, precisamente en el centenario de su nacimiento en Polonia, el 18 de mayo de 1920.<\/p>\n<p>\u00abSan Juan Pablo II encarnaba los tres rasgos del buen pastor: la oraci\u00f3n, la cercan\u00eda al pueblo y el amor a la justicia\u00bb, dijo.<\/p>\n<p>Pese al clima religioso, un miembro de la gendarmer\u00eda del Vaticano pidi\u00f3 con firmeza a los fieles que cumplan las nuevas indicaciones.<\/p>\n<p>\u00ab\u00a1Se cubra la nariz!\u00bb, orden\u00f3 a una persona que intentaba bajar su mascarilla para respirar mejor.<\/p>\n<p>La famosa bas\u00edlica de San Pedro, cerrada desde el 10 de marzo, fue totalmente desinfectada este fin de semana.<\/p>\n<p>En presencia de numerosos polic\u00edas con mascarillas, los visitantes, hicieron la fila respetando una distancia de dos metros entre uno y otro e ingresaron al templo, luego de que se les tomara la temperatura y la desinfecci\u00f3n de sus manos con gel.<\/p>\n<p>Primer pa\u00eds donde se impuso el confinamiento hace m\u00e1s de dos meses para contener el nuevo coronavirus, la pen\u00ednsula sigue traumatizada por los estragos de la pandemia, tras registrar m\u00e1s de 32.000 decesos y paralizar su econom\u00eda.<\/p>\n<p>Sin embargo, desde el 4 de mayo los italianos han recuperado una m\u00ednima libertad, con una primera flexibilizaci\u00f3n de las restricciones, bajo la estricta vigilancia de los \u00abcarabinieri\u00bb.<\/p>\n<p>&nbsp;<\/p>\n<p>Fuente: AFP \u2013 Ciudad del Vaticano<\/p>\n","protected":false},"excerpt":{"rendered":"<p>La bas\u00edlica de San Pedro de Roma reabri\u00f3 este lunes <a href=\"https:\/\/sertv.gob.pa\/crisolfm\/la-basilica-de-san-pedro-reabre-en-una-italia-que-avanza-en-su-desconfinamiento\/\"> [&#8230;]<\/a><\/p>\n","protected":false},"author":64,"featured_media":28223,"comment_status":"closed","ping_status":"closed","sticky":false,"template":"","format":"standard","meta":{"footnotes":""},"categories":[6],"tags":[],"class_list":["post-28222","post","type-post","status-publish","format-standard","has-post-thumbnail","hentry","category-culturales"],"_links":{"self":[{"href":"https:\/\/sertv.gob.pa\/crisolfm\/wp-json\/wp\/v2\/posts\/28222","targetHints":{"allow":["GET"]}}],"collection":[{"href":"https:\/\/sertv.gob.pa\/crisolfm\/wp-json\/wp\/v2\/posts"}],"about":[{"href":"https:\/\/sertv.gob.pa\/crisolfm\/wp-json\/wp\/v2\/types\/post"}],"author":[{"embeddable":true,"href":"https:\/\/sertv.gob.pa\/crisolfm\/wp-json\/wp\/v2\/users\/64"}],"replies":[{"embeddable":true,"href":"https:\/\/sertv.gob.pa\/crisolfm\/wp-json\/wp\/v2\/comments?post=28222"}],"version-history":[{"count":1,"href":"https:\/\/sertv.gob.pa\/crisolfm\/wp-json\/wp\/v2\/posts\/28222\/revisions"}],"predecessor-version":[{"id":28224,"href":"https:\/\/sertv.gob.pa\/crisolfm\/wp-json\/wp\/v2\/posts\/28222\/revisions\/28224"}],"wp:featuredmedia":[{"embeddable":true,"href":"https:\/\/sertv.gob.pa\/crisolfm\/wp-json\/wp\/v2\/media\/28223"}],"wp:attachment":[{"href":"https:\/\/sertv.gob.pa\/crisolfm\/wp-json\/wp\/v2\/media?parent=28222"}],"wp:term":[{"taxonomy":"category","embeddable":true,"href":"https:\/\/sertv.gob.pa\/crisolfm\/wp-json\/wp\/v2\/categories?post=28222"},{"taxonomy":"post_tag","embeddable":true,"href":"https:\/\/sertv.gob.pa\/crisolfm\/wp-json\/wp\/v2\/tags?post=28222"}],"curies":[{"name":"wp","href":"https:\/\/api.w.org\/{rel}","templated":true}]}}