{"id":28225,"date":"2020-05-18T15:33:53","date_gmt":"2020-05-18T15:33:53","guid":{"rendered":"https:\/\/sertv.gob.pa\/crisolfm\/?p=28225"},"modified":"2020-05-18T15:33:53","modified_gmt":"2020-05-18T15:33:53","slug":"abril-minimo-historico-de-emisiones-de-co2","status":"publish","type":"post","link":"https:\/\/sertv.gob.pa\/crisolfm\/abril-minimo-historico-de-emisiones-de-co2\/","title":{"rendered":"Abril, m\u00ednimo hist\u00f3rico de emisiones de CO2"},"content":{"rendered":"<p>En total, este mes se emitieron a la atm\u00f3sfera procedentes de la electricidad 2.154.465,2 tCO2 equivalente, casi la mitad que hace diez a\u00f1os. Seg\u00fan han explicado fuentes de Red El\u00e9ctrica, las renovables, pese al coronavirus, aumentaron un 3 por ciento su producci\u00f3n el\u00e9ctrica en Espa\u00f1a en abril, que ya es el mes con <strong>menos emisiones de CO2<\/strong> la electricidad desde que hay registros.<\/p>\n<p>Para la entidad, el nuevo escenario dibujado por el COVID-19 no ha frenado el avance de la transici\u00f3n energ\u00e9tica, ya que la demanda de la electricidad cay\u00f3 un 5 por ciento en el primer cuatrimestre enero-abril, mientras que en ese mismo periodo, las renovables crecieron un 10,3 por ciento. Red El\u00e9ctrica atribuye ese descenso al par\u00f3n de la actividad por la crisis del coronavirus.<\/p>\n<p>En total, la cota renovable del mes de abril sobre el total de la estructura de generaci\u00f3n fue del 47,3 por ciento. Durante este periodo, el viento gener\u00f3 la quinta parte del total mensual. Al viento le sigui\u00f3 la lluvia, que increment\u00f3 la producci\u00f3n hidr\u00e1ulica en un 48,5 por ciento respecto al mes de abril de 2019. Asimismo, los d\u00edas soleados permitieron a la solar fotovoltaica 1.143 GWh de generaci\u00f3n nacional, lo que supone un nuevo m\u00e1ximo de generaci\u00f3n en mes.Abril, el mes con la electricidad m\u00e1s limpia de la historia<\/p>\n<p>En definitiva, el auge de renovables junto con el descenso de la producci\u00f3n de electricidad de un 11,8% respecto al mismo mes de 2019, hacen de abril el mes m\u00e1s limpio en t\u00e9rminos de emisiones de gases de efecto invernadero, ya que se emitieron un total de 2.154.465,2 tCO2 equivalente, casi la mitad que hace diez a\u00f1os.<\/p>\n<p>&nbsp;<\/p>\n<p>Fuente:\u00a0 ECOticias<\/p>\n","protected":false},"excerpt":{"rendered":"<p>En total, este mes se emitieron a la atm\u00f3sfera procedentes <a href=\"https:\/\/sertv.gob.pa\/crisolfm\/abril-minimo-historico-de-emisiones-de-co2\/\"> [&#8230;]<\/a><\/p>\n","protected":false},"author":64,"featured_media":28226,"comment_status":"closed","ping_status":"closed","sticky":false,"template":"","format":"standard","meta":{"footnotes":""},"categories":[7],"tags":[],"class_list":["post-28225","post","type-post","status-publish","format-standard","has-post-thumbnail","hentry","category-ecologicas"],"_links":{"self":[{"href":"https:\/\/sertv.gob.pa\/crisolfm\/wp-json\/wp\/v2\/posts\/28225","targetHints":{"allow":["GET"]}}],"collection":[{"href":"https:\/\/sertv.gob.pa\/crisolfm\/wp-json\/wp\/v2\/posts"}],"about":[{"href":"https:\/\/sertv.gob.pa\/crisolfm\/wp-json\/wp\/v2\/types\/post"}],"author":[{"embeddable":true,"href":"https:\/\/sertv.gob.pa\/crisolfm\/wp-json\/wp\/v2\/users\/64"}],"replies":[{"embeddable":true,"href":"https:\/\/sertv.gob.pa\/crisolfm\/wp-json\/wp\/v2\/comments?post=28225"}],"version-history":[{"count":1,"href":"https:\/\/sertv.gob.pa\/crisolfm\/wp-json\/wp\/v2\/posts\/28225\/revisions"}],"predecessor-version":[{"id":28227,"href":"https:\/\/sertv.gob.pa\/crisolfm\/wp-json\/wp\/v2\/posts\/28225\/revisions\/28227"}],"wp:featuredmedia":[{"embeddable":true,"href":"https:\/\/sertv.gob.pa\/crisolfm\/wp-json\/wp\/v2\/media\/28226"}],"wp:attachment":[{"href":"https:\/\/sertv.gob.pa\/crisolfm\/wp-json\/wp\/v2\/media?parent=28225"}],"wp:term":[{"taxonomy":"category","embeddable":true,"href":"https:\/\/sertv.gob.pa\/crisolfm\/wp-json\/wp\/v2\/categories?post=28225"},{"taxonomy":"post_tag","embeddable":true,"href":"https:\/\/sertv.gob.pa\/crisolfm\/wp-json\/wp\/v2\/tags?post=28225"}],"curies":[{"name":"wp","href":"https:\/\/api.w.org\/{rel}","templated":true}]}}