{"id":28259,"date":"2020-05-19T13:56:20","date_gmt":"2020-05-19T13:56:20","guid":{"rendered":"https:\/\/sertv.gob.pa\/crisolfm\/?p=28259"},"modified":"2020-05-19T13:56:20","modified_gmt":"2020-05-19T13:56:20","slug":"miambiente-realiza-siembra-simbolica-de-plantones-en-provincia-de-hererra","status":"publish","type":"post","link":"https:\/\/sertv.gob.pa\/crisolfm\/miambiente-realiza-siembra-simbolica-de-plantones-en-provincia-de-hererra\/","title":{"rendered":"MiAmbiente realiza siembra simb\u00f3lica de plantones en provincia de Hererra"},"content":{"rendered":"<p>Funcionarios del Ministerio de Ambiente de la Direcci\u00f3n Regional de Herrera, que laboran en la Agencia de Los Pozos, conmemoraron el pasado 15 de mayo el D\u00eda del \u00e1rbol\u00a0con una siembra simb\u00f3lica en este sector, en compa\u00f1\u00eda del alcalde de este distrito Rafael Valdes, y Reynaldo Mela, representante del corregimiento de Oc\u00fa Cabecera.<\/p>\n<p>La actividad consisti\u00f3 en la siembra de plantones de Guaba, Guayac\u00e1n, Mango, Almendro monta\u00f1a y Caoba. En total fueron sembrados de 27 plantones en la Reserva Pedregoso.<\/p>\n<p>Por otro lado, en el \u00e1rea del Balneario Las Trancas en Las Minas se hizo la siembra de 10 plantones de Caimito, Mara\u00f1on curazao, Maria monta\u00f1a y Panam\u00e1, junto a Isabel P\u00e9rez, vicealcalde y Luisa Caez, secretaria alcaldia, dos voluntarios ambientales de El Alto de Las Minas y funcionarios de MiAMBIENTE.<\/p>\n<p>&nbsp;<\/p>\n<p>&nbsp;<\/p>\n<p>Fuente:\u00a0\u00a0 MiAmbiente<\/p>\n","protected":false},"excerpt":{"rendered":"<p>Funcionarios del Ministerio de Ambiente de la Direcci\u00f3n Regional de <a href=\"https:\/\/sertv.gob.pa\/crisolfm\/miambiente-realiza-siembra-simbolica-de-plantones-en-provincia-de-hererra\/\"> [&#8230;]<\/a><\/p>\n","protected":false},"author":64,"featured_media":28260,"comment_status":"closed","ping_status":"closed","sticky":false,"template":"","format":"standard","meta":{"footnotes":""},"categories":[7],"tags":[],"class_list":["post-28259","post","type-post","status-publish","format-standard","has-post-thumbnail","hentry","category-ecologicas"],"_links":{"self":[{"href":"https:\/\/sertv.gob.pa\/crisolfm\/wp-json\/wp\/v2\/posts\/28259","targetHints":{"allow":["GET"]}}],"collection":[{"href":"https:\/\/sertv.gob.pa\/crisolfm\/wp-json\/wp\/v2\/posts"}],"about":[{"href":"https:\/\/sertv.gob.pa\/crisolfm\/wp-json\/wp\/v2\/types\/post"}],"author":[{"embeddable":true,"href":"https:\/\/sertv.gob.pa\/crisolfm\/wp-json\/wp\/v2\/users\/64"}],"replies":[{"embeddable":true,"href":"https:\/\/sertv.gob.pa\/crisolfm\/wp-json\/wp\/v2\/comments?post=28259"}],"version-history":[{"count":1,"href":"https:\/\/sertv.gob.pa\/crisolfm\/wp-json\/wp\/v2\/posts\/28259\/revisions"}],"predecessor-version":[{"id":28261,"href":"https:\/\/sertv.gob.pa\/crisolfm\/wp-json\/wp\/v2\/posts\/28259\/revisions\/28261"}],"wp:featuredmedia":[{"embeddable":true,"href":"https:\/\/sertv.gob.pa\/crisolfm\/wp-json\/wp\/v2\/media\/28260"}],"wp:attachment":[{"href":"https:\/\/sertv.gob.pa\/crisolfm\/wp-json\/wp\/v2\/media?parent=28259"}],"wp:term":[{"taxonomy":"category","embeddable":true,"href":"https:\/\/sertv.gob.pa\/crisolfm\/wp-json\/wp\/v2\/categories?post=28259"},{"taxonomy":"post_tag","embeddable":true,"href":"https:\/\/sertv.gob.pa\/crisolfm\/wp-json\/wp\/v2\/tags?post=28259"}],"curies":[{"name":"wp","href":"https:\/\/api.w.org\/{rel}","templated":true}]}}