{"id":28262,"date":"2020-05-19T14:16:30","date_gmt":"2020-05-19T14:16:30","guid":{"rendered":"https:\/\/sertv.gob.pa\/crisolfm\/?p=28262"},"modified":"2020-05-19T14:16:30","modified_gmt":"2020-05-19T14:16:30","slug":"la-bienal-de-arquitectura-de-venecia-pospuesta-hasta-2021","status":"publish","type":"post","link":"https:\/\/sertv.gob.pa\/crisolfm\/la-bienal-de-arquitectura-de-venecia-pospuesta-hasta-2021\/","title":{"rendered":"La Bienal de Arquitectura de Venecia, pospuesta hasta 2021"},"content":{"rendered":"<p>La Bienal de Arquitectura de Venecia, considerada la mayor cita mundial de arquitectura fue pospuesta definitivamente para el a\u00f1o 2021, mientras el festival de Cine fue confirmado para septiembre, anunciaron este lunes los organizadores.<\/p>\n<p>El certamen de la arquitectura, que se celebra cada dos a\u00f1os desde 1980, se llevar\u00e1 a cabo del s\u00e1bado 22 de mayo al domingo 21 de noviembre del 2021, inform\u00f3 la Bienal de Venecia en un comunicado.<\/p>\n<p>\u00abLa decisi\u00f3n de posponer la Bienal de Arquitectura para mayo de 2021 fue tomada al reconocer la imposibilidad de cumplir, dentro de los l\u00edmites de tiempo establecidos, con la creaci\u00f3n de una exposici\u00f3n tan compleja y mundial, debido a la persistencia de una serie de dificultades objetivas por la actual emergencia sanitaria\u00bb, explica la nota.<\/p>\n<p>Los organizadores confirmaron en cambio la celebraci\u00f3n del festival de cine de Venecia, dirigido por el cr\u00edtico Alberto Barbera, programado del 2 al 12 de septiembre.<\/p>\n<p>Importantes citas culturales europeas, entre ellas la Feria del Libro de Londres y la feria del Libro de Par\u00eds fueron canceladas debido al brote de coronavirus en Europa.<\/p>\n<p>&nbsp;<\/p>\n<p>Fuente:\u00a0 AFP<\/p>\n","protected":false},"excerpt":{"rendered":"<p>La Bienal de Arquitectura de Venecia, considerada la mayor cita <a href=\"https:\/\/sertv.gob.pa\/crisolfm\/la-bienal-de-arquitectura-de-venecia-pospuesta-hasta-2021\/\"> [&#8230;]<\/a><\/p>\n","protected":false},"author":64,"featured_media":28263,"comment_status":"closed","ping_status":"closed","sticky":false,"template":"","format":"standard","meta":{"footnotes":""},"categories":[6],"tags":[],"class_list":["post-28262","post","type-post","status-publish","format-standard","has-post-thumbnail","hentry","category-culturales"],"_links":{"self":[{"href":"https:\/\/sertv.gob.pa\/crisolfm\/wp-json\/wp\/v2\/posts\/28262","targetHints":{"allow":["GET"]}}],"collection":[{"href":"https:\/\/sertv.gob.pa\/crisolfm\/wp-json\/wp\/v2\/posts"}],"about":[{"href":"https:\/\/sertv.gob.pa\/crisolfm\/wp-json\/wp\/v2\/types\/post"}],"author":[{"embeddable":true,"href":"https:\/\/sertv.gob.pa\/crisolfm\/wp-json\/wp\/v2\/users\/64"}],"replies":[{"embeddable":true,"href":"https:\/\/sertv.gob.pa\/crisolfm\/wp-json\/wp\/v2\/comments?post=28262"}],"version-history":[{"count":1,"href":"https:\/\/sertv.gob.pa\/crisolfm\/wp-json\/wp\/v2\/posts\/28262\/revisions"}],"predecessor-version":[{"id":28264,"href":"https:\/\/sertv.gob.pa\/crisolfm\/wp-json\/wp\/v2\/posts\/28262\/revisions\/28264"}],"wp:featuredmedia":[{"embeddable":true,"href":"https:\/\/sertv.gob.pa\/crisolfm\/wp-json\/wp\/v2\/media\/28263"}],"wp:attachment":[{"href":"https:\/\/sertv.gob.pa\/crisolfm\/wp-json\/wp\/v2\/media?parent=28262"}],"wp:term":[{"taxonomy":"category","embeddable":true,"href":"https:\/\/sertv.gob.pa\/crisolfm\/wp-json\/wp\/v2\/categories?post=28262"},{"taxonomy":"post_tag","embeddable":true,"href":"https:\/\/sertv.gob.pa\/crisolfm\/wp-json\/wp\/v2\/tags?post=28262"}],"curies":[{"name":"wp","href":"https:\/\/api.w.org\/{rel}","templated":true}]}}