{"id":28266,"date":"2020-05-19T14:49:59","date_gmt":"2020-05-19T14:49:59","guid":{"rendered":"https:\/\/sertv.gob.pa\/crisolfm\/?p=28266"},"modified":"2020-05-19T14:49:59","modified_gmt":"2020-05-19T14:49:59","slug":"la-gran-exposicion-dedicada-a-rafael-en-roma-sera-abierta-2-de-junio","status":"publish","type":"post","link":"https:\/\/sertv.gob.pa\/crisolfm\/la-gran-exposicion-dedicada-a-rafael-en-roma-sera-abierta-2-de-junio\/","title":{"rendered":"La gran exposici\u00f3n dedicada a Rafael en Roma ser\u00e1 abierta 2 de junio"},"content":{"rendered":"<p>La gran exposici\u00f3n en Roma dedicada al c\u00e9lebre artista del Renacimiento Rafael Sanzio, evento cultural del a\u00f1o, cerrada en marzo debido a la pandemia, reabrir\u00e1 del 2 de junio al 30 de agosto, anunciaron este lunes sus organizadores.<\/p>\n<p>Ideada en ocasi\u00f3n de los 500 a\u00f1os de la muerte del pintor (1483-1520) en los prestigiosos espacios romanos de la Scuderia del Quirinale, la exposici\u00f3n tuvo que cerrar tres d\u00edas despu\u00e9s de inaugurada, el 5 de marzo, por la epidemia de coronavirus.<\/p>\n<p>\u00abLa exposici\u00f3n, suspendida por tres meses debido a la emergencia sanitaria causada por el Covid-19, permanecer\u00e1 abierta hasta el 30 de agosto de 2020, gracias a la disponibilidad y a la solidaridad de las instituciones, del museo y de los coleccionistas que prestaron sus obras\u00bb, explicaron los organizadores en un comunicado de prensa.<\/p>\n<p>Los visitantes deber\u00e1n cumplir estrictas normas de seguridad y el horario de visita se extender\u00e1 de las 9H00 a las 22H00.<\/p>\n<p>La monumental exposici\u00f3n, que cost\u00f3 tres a\u00f1os de trabajo, fue organizada en colaboraci\u00f3n con la Galeria degli Uffizi de Florencia, que prest\u00f3 un cuarto de las m\u00e1s de 200 obras expuestas, entre ellas importantes piezas maestras de Rafael.<\/p>\n<p>C\u00e9lebre por la perfecci\u00f3n y gracia de sus pinturas y dibujos, Rafael, fallecido a los 37 a\u00f1os en 1520 por una fiebre alta, integra el tr\u00edo de grandes maestros del Renacimiento, junto con Miguel \u00c1ngel y Leonardo Da Vinci.<\/p>\n<p>La exposici\u00f3n cuenta con obras provenientes del Louvre de Par\u00eds, de la National Gallery de Londres, del Museo del Prado de Madrid y de la National Gallery de Washington.<\/p>\n<p>&nbsp;<\/p>\n<p>Fuente:\u00a0\u00a0 AFP<\/p>\n","protected":false},"excerpt":{"rendered":"<p>La gran exposici\u00f3n en Roma dedicada al c\u00e9lebre artista del <a href=\"https:\/\/sertv.gob.pa\/crisolfm\/la-gran-exposicion-dedicada-a-rafael-en-roma-sera-abierta-2-de-junio\/\"> [&#8230;]<\/a><\/p>\n","protected":false},"author":64,"featured_media":28267,"comment_status":"closed","ping_status":"closed","sticky":false,"template":"","format":"standard","meta":{"footnotes":""},"categories":[6],"tags":[],"class_list":["post-28266","post","type-post","status-publish","format-standard","has-post-thumbnail","hentry","category-culturales"],"_links":{"self":[{"href":"https:\/\/sertv.gob.pa\/crisolfm\/wp-json\/wp\/v2\/posts\/28266","targetHints":{"allow":["GET"]}}],"collection":[{"href":"https:\/\/sertv.gob.pa\/crisolfm\/wp-json\/wp\/v2\/posts"}],"about":[{"href":"https:\/\/sertv.gob.pa\/crisolfm\/wp-json\/wp\/v2\/types\/post"}],"author":[{"embeddable":true,"href":"https:\/\/sertv.gob.pa\/crisolfm\/wp-json\/wp\/v2\/users\/64"}],"replies":[{"embeddable":true,"href":"https:\/\/sertv.gob.pa\/crisolfm\/wp-json\/wp\/v2\/comments?post=28266"}],"version-history":[{"count":1,"href":"https:\/\/sertv.gob.pa\/crisolfm\/wp-json\/wp\/v2\/posts\/28266\/revisions"}],"predecessor-version":[{"id":28268,"href":"https:\/\/sertv.gob.pa\/crisolfm\/wp-json\/wp\/v2\/posts\/28266\/revisions\/28268"}],"wp:featuredmedia":[{"embeddable":true,"href":"https:\/\/sertv.gob.pa\/crisolfm\/wp-json\/wp\/v2\/media\/28267"}],"wp:attachment":[{"href":"https:\/\/sertv.gob.pa\/crisolfm\/wp-json\/wp\/v2\/media?parent=28266"}],"wp:term":[{"taxonomy":"category","embeddable":true,"href":"https:\/\/sertv.gob.pa\/crisolfm\/wp-json\/wp\/v2\/categories?post=28266"},{"taxonomy":"post_tag","embeddable":true,"href":"https:\/\/sertv.gob.pa\/crisolfm\/wp-json\/wp\/v2\/tags?post=28266"}],"curies":[{"name":"wp","href":"https:\/\/api.w.org\/{rel}","templated":true}]}}