{"id":28269,"date":"2020-05-19T15:06:08","date_gmt":"2020-05-19T15:06:08","guid":{"rendered":"https:\/\/sertv.gob.pa\/crisolfm\/?p=28269"},"modified":"2020-05-19T15:06:08","modified_gmt":"2020-05-19T15:06:08","slug":"micultura-reconoce-contribucion-a-la-pintura-nacional-del-maestro-mayo-hassan","status":"publish","type":"post","link":"https:\/\/sertv.gob.pa\/crisolfm\/micultura-reconoce-contribucion-a-la-pintura-nacional-del-maestro-mayo-hassan\/","title":{"rendered":"MiCultura reconoce contribuci\u00f3n a la pintura nacional del maestro Mayo Hass\u00e1n"},"content":{"rendered":"<p>El ministerio de Cultura reconoci\u00f3 la extraordinaria contribuci\u00f3n del maestro Mayo Hass\u00e1n, catalog\u00e1ndolo como un imprescindible creador de la pl\u00e1stica paname\u00f1a.<\/p>\n<p>La comunidad art\u00edstica del pa\u00eds lamenta la partida de un notable artista que se caracteriz\u00f3 por ser un gran admirador del tema costumbrista, en particular del traje t\u00edpico azuerense, siendo sus musas pict\u00f3ricas las damas que engalanan con su gracia y elegancia al montuno y a la pollera.<\/p>\n<p>Carlos Aguilar Navarro, ministro de Cultura, destac\u00f3 que \u201cla historia de la pintura paname\u00f1a no se concibe sin el talento de hombres imprescindibles como el maestro de maestros, Don Mayo Hass\u00e1n\u201d.\u00a0 Descrito como un caballero de la pl\u00e1stica y una persona que siempre ha colaborado con todo aquel que deseaba aprender sobre colores y formas, Hass\u00e1n se comunic\u00f3 con el mundo desde la plumilla, el pastel y el \u00f3leo.<\/p>\n<p>Por su parte, Daniel Dom\u00ednguez, Director Nacional de las Artes de MiCultura, expres\u00f3 que \u201cen estos tiempos de pandemia y hambrunas, de populismos autoritarios y de desigualdades sociales, el arte representado en figuras como Mayo Hass\u00e1n sigue siendo una oportunidad para que no perdamos la esperanza y no perdamos la fe en el ser humano\u201d.<\/p>\n<p>Nacido en la Ciudad de Panam\u00e1, Mayo Hass\u00e1n aprendi\u00f3 dibujo y pintura en la Escuela de Artes Pl\u00e1sticas. Sus maestros fueron Juan Manuel Cede\u00f1o y Amalia y Juan B. Jeanine.<\/p>\n<p>El a\u00f1o pasado, el ministerio rindi\u00f3 homenaje al pintor con una exposici\u00f3n de m\u00e1s de 40 obras en la Galer\u00eda Juan Manuel Cede\u00f1o. Muy emocionado, Hass\u00e1n expresaba su satisfacci\u00f3n al ver realizada una exhibici\u00f3n tan interesante de sus obras, que seg\u00fan el maestro de maestros ya alguna hab\u00eda olvidado.\u00a0 \u201cSiempre so\u00f1\u00e9 con una exposici\u00f3n m\u00eda en una de estas b\u00f3vedas. Gracias al se\u00f1or ministro, y sobre todo otro de mis sue\u00f1os fue que Panam\u00e1 tuviera un Ministerio de Cultura y hoy es posible.\u00a0 Ver mis obras &#8211; y algunas que pens\u00e9 que no exist\u00edan &#8211; me da mucho regocijo y m\u00e1s deseo de sentir pintando\u201d, dijo.<\/p>\n<p>Desde 1980, Hass\u00e1n present\u00f3 su talento en su tierra, as\u00ed como tambi\u00e9n en Espa\u00f1a, Colombia, Israel, Jap\u00f3n, Cuba, Guatemala, Rep\u00fablica Dominicana, Costa Rica, M\u00e9xico, Portugal y Venezuela. Fue por varios a\u00f1os, presidente de la Asociaci\u00f3n de Artistas Pl\u00e1sticos de Panam\u00e1.<\/p>\n<p>Fue una alegr\u00eda inmensa que desde la Direcci\u00f3n Nacional de las Artes del Ministerio de Cultura pudimos brindarle un homenaje en vida a Mayo Hass\u00e1n como debe ser.<\/p>\n<p>Esa muestra individual ocurri\u00f3 del 4 al 17 de febrero de 2020 en la Galer\u00eda de Arte Juan Manuel Cede\u00f1o (Las B\u00f3vedas, en el corregimiento de San Felipe). Una alegr\u00eda tambi\u00e9n porque el maestro Mayo, su familia y sus amigos disfrutaron esa exhibici\u00f3n a plenitud. Esa noche del 4 asistieron m\u00e1s de 300 personas al evento. A Mayo lo acompa\u00f1aron sus familiares, sus amigos y sus muchos admiradores.<\/p>\n<p>En este mundo sometido por el cambio clim\u00e1tico y las guerras est\u00fapidas, los artistas como Mayo Hass\u00e1n nos recuerdan que no todo est\u00e1 perdido, que siempre hay ocasiones para querer seguir con alegr\u00eda.<\/p>\n<p>Aquella muestra pict\u00f3rica era y es una forma de manifestar nuestra admiraci\u00f3n y nuestro cari\u00f1o por Mayo Hass\u00e1n. Muchas gracias maestro por existir, por so\u00f1ar, por compartir, y por sobre todo, por pintar.<\/p>\n<p>&nbsp;<\/p>\n<p>Fuente:\u00a0 MiCultura<\/p>\n","protected":false},"excerpt":{"rendered":"<p>El ministerio de Cultura reconoci\u00f3 la extraordinaria contribuci\u00f3n del maestro <a href=\"https:\/\/sertv.gob.pa\/crisolfm\/micultura-reconoce-contribucion-a-la-pintura-nacional-del-maestro-mayo-hassan\/\"> [&#8230;]<\/a><\/p>\n","protected":false},"author":64,"featured_media":28270,"comment_status":"closed","ping_status":"closed","sticky":false,"template":"","format":"standard","meta":{"footnotes":""},"categories":[6],"tags":[],"class_list":["post-28269","post","type-post","status-publish","format-standard","has-post-thumbnail","hentry","category-culturales"],"_links":{"self":[{"href":"https:\/\/sertv.gob.pa\/crisolfm\/wp-json\/wp\/v2\/posts\/28269","targetHints":{"allow":["GET"]}}],"collection":[{"href":"https:\/\/sertv.gob.pa\/crisolfm\/wp-json\/wp\/v2\/posts"}],"about":[{"href":"https:\/\/sertv.gob.pa\/crisolfm\/wp-json\/wp\/v2\/types\/post"}],"author":[{"embeddable":true,"href":"https:\/\/sertv.gob.pa\/crisolfm\/wp-json\/wp\/v2\/users\/64"}],"replies":[{"embeddable":true,"href":"https:\/\/sertv.gob.pa\/crisolfm\/wp-json\/wp\/v2\/comments?post=28269"}],"version-history":[{"count":1,"href":"https:\/\/sertv.gob.pa\/crisolfm\/wp-json\/wp\/v2\/posts\/28269\/revisions"}],"predecessor-version":[{"id":28271,"href":"https:\/\/sertv.gob.pa\/crisolfm\/wp-json\/wp\/v2\/posts\/28269\/revisions\/28271"}],"wp:featuredmedia":[{"embeddable":true,"href":"https:\/\/sertv.gob.pa\/crisolfm\/wp-json\/wp\/v2\/media\/28270"}],"wp:attachment":[{"href":"https:\/\/sertv.gob.pa\/crisolfm\/wp-json\/wp\/v2\/media?parent=28269"}],"wp:term":[{"taxonomy":"category","embeddable":true,"href":"https:\/\/sertv.gob.pa\/crisolfm\/wp-json\/wp\/v2\/categories?post=28269"},{"taxonomy":"post_tag","embeddable":true,"href":"https:\/\/sertv.gob.pa\/crisolfm\/wp-json\/wp\/v2\/tags?post=28269"}],"curies":[{"name":"wp","href":"https:\/\/api.w.org\/{rel}","templated":true}]}}