{"id":28283,"date":"2020-05-19T16:58:45","date_gmt":"2020-05-19T16:58:45","guid":{"rendered":"https:\/\/sertv.gob.pa\/crisolfm\/?p=28283"},"modified":"2020-05-19T16:58:45","modified_gmt":"2020-05-19T16:58:45","slug":"panama-oeste-capacita-colaboradores-en-el-uso-de-drones","status":"publish","type":"post","link":"https:\/\/sertv.gob.pa\/crisolfm\/panama-oeste-capacita-colaboradores-en-el-uso-de-drones\/","title":{"rendered":"Panam\u00e1 Oeste capacita colaboradores en el uso de drones"},"content":{"rendered":"<p>Con el objetivo de fortalecer las labores de fiscalizaci\u00f3n y monitoreo del uso sostenible y responsable de los recursos naturales, colaboradores del Ministerio de Ambiente de la Regional de Panam\u00e1 Oeste recibieron una capacitaci\u00f3n sobre el uso de drones (Veh\u00edculo a\u00e9reo no tripulado).<\/p>\n<p>La capacitaci\u00f3n estuvo a cargo de Hern\u00e1n S\u00e1nchez, ingeniero de la secci\u00f3n Forestal, el cual explic\u00f3 los componentes b\u00e1sicos y funcionamiento del dron y datos t\u00e9cnicos de mantenimiento. Se realizaron clases pr\u00e1cticas b\u00e1sicas de vuelo: encendido del dron, despegue, aterrizaje, elevaci\u00f3n, desplazamiento y movimientos de c\u00e1mara.<\/p>\n<p>La Directora Regional, Marisol Ayola, manifest\u00f3 que el uso de esta herramienta se ha convertido en parte del trabajo que realiza la instituci\u00f3n y es oportuno contar con profesionales capacitados en estas tecnolog\u00edas para ser aplicadas en las labores de fiscalizaci\u00f3n forestal y ambiental, entre otras acciones que se desarrolla en el ministerio.<\/p>\n<p>Cabe resaltar que los drones son herramientas muy \u00fatiles para fotograf\u00edas a\u00e9reas la captura de datos, e informaci\u00f3n de campo, que permiten detectar zonas afectadas de manera precisa la deforestaci\u00f3n y degradaci\u00f3n de los bosques.<\/p>\n<p>&nbsp;<\/p>\n<p>Fuente:\u00a0 MiAmbiente<\/p>\n","protected":false},"excerpt":{"rendered":"<p>Con el objetivo de fortalecer las labores de fiscalizaci\u00f3n y <a href=\"https:\/\/sertv.gob.pa\/crisolfm\/panama-oeste-capacita-colaboradores-en-el-uso-de-drones\/\"> [&#8230;]<\/a><\/p>\n","protected":false},"author":64,"featured_media":28284,"comment_status":"closed","ping_status":"closed","sticky":false,"template":"","format":"standard","meta":{"footnotes":""},"categories":[7],"tags":[],"class_list":["post-28283","post","type-post","status-publish","format-standard","has-post-thumbnail","hentry","category-ecologicas"],"_links":{"self":[{"href":"https:\/\/sertv.gob.pa\/crisolfm\/wp-json\/wp\/v2\/posts\/28283","targetHints":{"allow":["GET"]}}],"collection":[{"href":"https:\/\/sertv.gob.pa\/crisolfm\/wp-json\/wp\/v2\/posts"}],"about":[{"href":"https:\/\/sertv.gob.pa\/crisolfm\/wp-json\/wp\/v2\/types\/post"}],"author":[{"embeddable":true,"href":"https:\/\/sertv.gob.pa\/crisolfm\/wp-json\/wp\/v2\/users\/64"}],"replies":[{"embeddable":true,"href":"https:\/\/sertv.gob.pa\/crisolfm\/wp-json\/wp\/v2\/comments?post=28283"}],"version-history":[{"count":1,"href":"https:\/\/sertv.gob.pa\/crisolfm\/wp-json\/wp\/v2\/posts\/28283\/revisions"}],"predecessor-version":[{"id":28285,"href":"https:\/\/sertv.gob.pa\/crisolfm\/wp-json\/wp\/v2\/posts\/28283\/revisions\/28285"}],"wp:featuredmedia":[{"embeddable":true,"href":"https:\/\/sertv.gob.pa\/crisolfm\/wp-json\/wp\/v2\/media\/28284"}],"wp:attachment":[{"href":"https:\/\/sertv.gob.pa\/crisolfm\/wp-json\/wp\/v2\/media?parent=28283"}],"wp:term":[{"taxonomy":"category","embeddable":true,"href":"https:\/\/sertv.gob.pa\/crisolfm\/wp-json\/wp\/v2\/categories?post=28283"},{"taxonomy":"post_tag","embeddable":true,"href":"https:\/\/sertv.gob.pa\/crisolfm\/wp-json\/wp\/v2\/tags?post=28283"}],"curies":[{"name":"wp","href":"https:\/\/api.w.org\/{rel}","templated":true}]}}