{"id":28296,"date":"2020-05-19T20:41:27","date_gmt":"2020-05-19T20:41:27","guid":{"rendered":"https:\/\/sertv.gob.pa\/crisolfm\/?p=28296"},"modified":"2020-05-19T20:41:27","modified_gmt":"2020-05-19T20:41:27","slug":"capacitacion-sobre-el-valor-de-los-arboles-reciben-los-darienitas","status":"publish","type":"post","link":"https:\/\/sertv.gob.pa\/crisolfm\/capacitacion-sobre-el-valor-de-los-arboles-reciben-los-darienitas\/","title":{"rendered":"Capacitaci\u00f3n sobre el valor de los \u00e1rboles reciben los darienitas"},"content":{"rendered":"<p>La Direcci\u00f3n Regional Ministerio de Ambiente (MiAmbiente) en Dari\u00e9n, por medio de la secci\u00f3n de Cultura Ambiental, realiz\u00f3 recientemente una reuni\u00f3n de coordinaci\u00f3n entre actores claves en el tema de la conservaci\u00f3n ambiental de la provincia como la Asociaci\u00f3n para la Conformaci\u00f3n Ambiental OBC, Representantes de la Cuenca Hidrogr\u00e1fica entre Santa B\u00e1rbara y Chucunaque, del Ministerio de Desarrollo Agropecuario, el Servicio Nacional de Fronteras y MiAmbiente.<\/p>\n<p>El objetivo del encuentro fue orientar y concienciar a la poblaci\u00f3n sobre la importancia de conservar los \u00e1rboles en el ecosistema, los m\u00faltiples beneficios que nos brindan como su belleza esc\u00e9nica, y como generadores de microclimas favorables.<\/p>\n<p>Entre los temas tratados por los funcionarios de MiAmbiente estuvo dar a conocer informaci\u00f3n cient\u00edfica como la capacidad que tienen los \u00e1rboles de absorber los olores y gases contaminantes (\u00f3xidos de nitr\u00f3geno, amon\u00edaco, di\u00f3xido de azufre y ozono), as\u00ed\u00a0 como el poder filtran las part\u00edculas contaminantes del aire, atrap\u00e1ndolas en sus hojas y corteza, adicional a que los \u00e1rboles refrescan la ciudad hasta 10\u00b0F, d\u00e1ndoles sombra a nuestros hogares, calles, parques y centros de esparcimiento, interrumpiendo las \u201cislas de calor\u201d y liberando vapor de agua al aire a trav\u00e9s de sus hojas.<\/p>\n<p>Como parte del encuentro fue realizada una visita al Parque Municipal, en los terrenos de la Feria Agrotur\u00edstica de Santa F\u00e9, que fue complementada con la siembra de un Pino Hind\u00fa, Caoba Nacional y Man\u00f3n.<\/p>\n<p>&nbsp;<\/p>\n<p>Fuente:\u00a0 MiAmbiente<\/p>\n","protected":false},"excerpt":{"rendered":"<p>La Direcci\u00f3n Regional Ministerio de Ambiente (MiAmbiente) en Dari\u00e9n, por <a href=\"https:\/\/sertv.gob.pa\/crisolfm\/capacitacion-sobre-el-valor-de-los-arboles-reciben-los-darienitas\/\"> [&#8230;]<\/a><\/p>\n","protected":false},"author":64,"featured_media":28297,"comment_status":"closed","ping_status":"closed","sticky":false,"template":"","format":"standard","meta":{"footnotes":""},"categories":[7],"tags":[],"class_list":["post-28296","post","type-post","status-publish","format-standard","has-post-thumbnail","hentry","category-ecologicas"],"_links":{"self":[{"href":"https:\/\/sertv.gob.pa\/crisolfm\/wp-json\/wp\/v2\/posts\/28296","targetHints":{"allow":["GET"]}}],"collection":[{"href":"https:\/\/sertv.gob.pa\/crisolfm\/wp-json\/wp\/v2\/posts"}],"about":[{"href":"https:\/\/sertv.gob.pa\/crisolfm\/wp-json\/wp\/v2\/types\/post"}],"author":[{"embeddable":true,"href":"https:\/\/sertv.gob.pa\/crisolfm\/wp-json\/wp\/v2\/users\/64"}],"replies":[{"embeddable":true,"href":"https:\/\/sertv.gob.pa\/crisolfm\/wp-json\/wp\/v2\/comments?post=28296"}],"version-history":[{"count":1,"href":"https:\/\/sertv.gob.pa\/crisolfm\/wp-json\/wp\/v2\/posts\/28296\/revisions"}],"predecessor-version":[{"id":28298,"href":"https:\/\/sertv.gob.pa\/crisolfm\/wp-json\/wp\/v2\/posts\/28296\/revisions\/28298"}],"wp:featuredmedia":[{"embeddable":true,"href":"https:\/\/sertv.gob.pa\/crisolfm\/wp-json\/wp\/v2\/media\/28297"}],"wp:attachment":[{"href":"https:\/\/sertv.gob.pa\/crisolfm\/wp-json\/wp\/v2\/media?parent=28296"}],"wp:term":[{"taxonomy":"category","embeddable":true,"href":"https:\/\/sertv.gob.pa\/crisolfm\/wp-json\/wp\/v2\/categories?post=28296"},{"taxonomy":"post_tag","embeddable":true,"href":"https:\/\/sertv.gob.pa\/crisolfm\/wp-json\/wp\/v2\/tags?post=28296"}],"curies":[{"name":"wp","href":"https:\/\/api.w.org\/{rel}","templated":true}]}}