{"id":28316,"date":"2020-05-20T13:59:40","date_gmt":"2020-05-20T13:59:40","guid":{"rendered":"https:\/\/sertv.gob.pa\/crisolfm\/?p=28316"},"modified":"2020-05-20T13:59:40","modified_gmt":"2020-05-20T13:59:40","slug":"ceremonia-de-los-oscar-podria-postergarse-por-el-coronavirus","status":"publish","type":"post","link":"https:\/\/sertv.gob.pa\/crisolfm\/ceremonia-de-los-oscar-podria-postergarse-por-el-coronavirus\/","title":{"rendered":"Ceremonia de los Oscar podr\u00eda postergarse por el coronavirus"},"content":{"rendered":"<p>La ceremonia de los premios Oscar del pr\u00f3ximo a\u00f1o podr\u00edan posponerse debido a la interrupci\u00f3n de actividades causada por el coronavirus en Hollywood, inform\u00f3 el martes el portal de la publicaci\u00f3n comercial especializada Variety.<\/p>\n<p>La noche m\u00e1s grande de la industria del cine est\u00e1 programada originalmente para el 28 de febrero pr\u00f3ximo. Pero con las salas cerradas, los \u00e9xitos de taquilla retrasados y las producciones detenidas, la Academia ya se ha visto obligada a realizar cambios significativos en las reglas.<\/p>\n<p>Una de las m\u00faltiples fuentes an\u00f3nimas citadas le dijo a Variety que ahora era \u00abprobable\u00bb que la ceremonia misma se pospusiera.<\/p>\n<p>A\u00fan no se han presentado propuestas formales o discusiones detalladas sobre la mudanza del evento, o posibles nuevas fechas, seg\u00fan el informe de la revista.<\/p>\n<p>La Academia de Artes y Ciencias Cinematogr\u00e1ficas no respondi\u00f3 de inmediato a la solicitud de comentarios de AFP.<\/p>\n<p>Actualmente, las pel\u00edculas deb\u00edan lanzarse antes del 31 de diciembre para ser consideradas para los Oscar del a\u00f1o siguiente, que generalmente tienen lugar en febrero o marzo.<\/p>\n<p>El mes pasado, la Academia, vista como el cuerpo principal de la industria cinematogr\u00e1fica de Hollywood, suaviz\u00f3 las reglas de elegibilidad, permitiendo que las pel\u00edculas se salten a la gran pantalla este a\u00f1o para poder competir por los Oscar.<\/p>\n<p>&nbsp;<\/p>\n<p>Fuente: AFP<\/p>\n","protected":false},"excerpt":{"rendered":"<p>La ceremonia de los premios Oscar del pr\u00f3ximo a\u00f1o podr\u00edan <a href=\"https:\/\/sertv.gob.pa\/crisolfm\/ceremonia-de-los-oscar-podria-postergarse-por-el-coronavirus\/\"> [&#8230;]<\/a><\/p>\n","protected":false},"author":64,"featured_media":28317,"comment_status":"closed","ping_status":"closed","sticky":false,"template":"","format":"standard","meta":{"footnotes":""},"categories":[6],"tags":[],"class_list":["post-28316","post","type-post","status-publish","format-standard","has-post-thumbnail","hentry","category-culturales"],"_links":{"self":[{"href":"https:\/\/sertv.gob.pa\/crisolfm\/wp-json\/wp\/v2\/posts\/28316","targetHints":{"allow":["GET"]}}],"collection":[{"href":"https:\/\/sertv.gob.pa\/crisolfm\/wp-json\/wp\/v2\/posts"}],"about":[{"href":"https:\/\/sertv.gob.pa\/crisolfm\/wp-json\/wp\/v2\/types\/post"}],"author":[{"embeddable":true,"href":"https:\/\/sertv.gob.pa\/crisolfm\/wp-json\/wp\/v2\/users\/64"}],"replies":[{"embeddable":true,"href":"https:\/\/sertv.gob.pa\/crisolfm\/wp-json\/wp\/v2\/comments?post=28316"}],"version-history":[{"count":1,"href":"https:\/\/sertv.gob.pa\/crisolfm\/wp-json\/wp\/v2\/posts\/28316\/revisions"}],"predecessor-version":[{"id":28318,"href":"https:\/\/sertv.gob.pa\/crisolfm\/wp-json\/wp\/v2\/posts\/28316\/revisions\/28318"}],"wp:featuredmedia":[{"embeddable":true,"href":"https:\/\/sertv.gob.pa\/crisolfm\/wp-json\/wp\/v2\/media\/28317"}],"wp:attachment":[{"href":"https:\/\/sertv.gob.pa\/crisolfm\/wp-json\/wp\/v2\/media?parent=28316"}],"wp:term":[{"taxonomy":"category","embeddable":true,"href":"https:\/\/sertv.gob.pa\/crisolfm\/wp-json\/wp\/v2\/categories?post=28316"},{"taxonomy":"post_tag","embeddable":true,"href":"https:\/\/sertv.gob.pa\/crisolfm\/wp-json\/wp\/v2\/tags?post=28316"}],"curies":[{"name":"wp","href":"https:\/\/api.w.org\/{rel}","templated":true}]}}