{"id":28322,"date":"2020-05-20T14:37:18","date_gmt":"2020-05-20T14:37:18","guid":{"rendered":"https:\/\/sertv.gob.pa\/crisolfm\/?p=28322"},"modified":"2020-05-20T14:37:18","modified_gmt":"2020-05-20T14:37:18","slug":"museos-guggenheim-y-bellas-artes-de-bilbao-reabriran-el-1-de-junio","status":"publish","type":"post","link":"https:\/\/sertv.gob.pa\/crisolfm\/museos-guggenheim-y-bellas-artes-de-bilbao-reabriran-el-1-de-junio\/","title":{"rendered":"Museos Guggenheim y Bellas Artes de Bilbao reabrir\u00e1n el 1 de junio"},"content":{"rendered":"<p>Poco a poco los museos van anunciando las fechas de su reapertura al p\u00fablico, que, en muchos de los casos, no coinciden con la fase de desescalada de las ciudades donde se hallan. Hay museos que pod\u00edan haber abierto ya sus puertas, pero no lo han hecho al no haber tenido tiempo suficiente para habilitar sus espacios, seg\u00fan dicta la normativa. Los dos grandes museos de Bilbao,<strong> el Guggenheim y el Bellas Artes<\/strong>, han anunciado su reapertura para el pr\u00f3ximo <strong>1 de junio<\/strong>, abriendo todos los d\u00edas de la semana y con horarios complementarios<\/p>\n<p>Tras el periodo de cierre de los museos decretado por las autoridades el pasado 14 de marzo para frenar la expansi\u00f3n del coronavirus, ambos museos han planificado sus horarios para el primer mes de la reapertura teniendo en cuenta en todo momento la m\u00e1xima accesibilidad a su oferta cultural,<strong> abriendo todos los d\u00edas de la semana<\/strong> y propiciando una franja horaria amplia en la que los dos museos complementen sus horarios de apertura. De este modo, la ciudadan\u00eda podr\u00e1 siempre disfrutar de la visita a uno o a los dos museos entre las 11.00 y las 19.00 horas.<\/p>\n<p>Para ello, el <strong>Museo Guggenheim Bilbao<\/strong> durante el mes de junio abrir\u00e1 sus puertas de lunes a viernes de 14.00 a 19.00 horas, y los s\u00e1bados y domingos de 11.00 a 19.00 horas. En pleno verano, durante los meses de julio y agosto, ampliar\u00e1 su horario para abrir todos los d\u00edas de 11.00 a 19.00 horas.<\/p>\n<p>Por su parte, el <strong>Museo de Bellas Artes de Bilbao<\/strong> abrir\u00e1 durante el mes de junio todos los d\u00edas de la semana de 11.00 a 14.00 y de 16.00 a 19.00 horas, y fijar\u00e1 tambi\u00e9n un horario m\u00e1s amplio para los meses de julio y agosto, abriendo asimismo de 11.00 a 19.00 horas. Los horarios podr\u00edan estar sujetos a modificaciones.<\/p>\n<p>En cuanto a los museos extranjeros, se est\u00e1n tomando su tiempo para reabrir sus puertas. El Metropolitan de Nueva York, uno de los m\u00e1s castigados por esta crisis, <strong>planea reabrir a mediados de agosto, \u00abo quiz\u00e1s unas semanas m\u00e1s tarde\u00bb<\/strong>, con un horario reducido y sin visitas guiadas para mantener el distanciamiento social, ha informado el museo. Cerrado desde el 13 de marzo, es el primer museo importante de la Gran Manzana en anunciar una fecha de reapertura.<\/p>\n<p>&nbsp;<\/p>\n<p>Fuente:\u00a0 ABC Cultura<\/p>\n","protected":false},"excerpt":{"rendered":"<p>Poco a poco los museos van anunciando las fechas de <a href=\"https:\/\/sertv.gob.pa\/crisolfm\/museos-guggenheim-y-bellas-artes-de-bilbao-reabriran-el-1-de-junio\/\"> [&#8230;]<\/a><\/p>\n","protected":false},"author":64,"featured_media":28323,"comment_status":"closed","ping_status":"closed","sticky":false,"template":"","format":"standard","meta":{"footnotes":""},"categories":[6],"tags":[],"class_list":["post-28322","post","type-post","status-publish","format-standard","has-post-thumbnail","hentry","category-culturales"],"_links":{"self":[{"href":"https:\/\/sertv.gob.pa\/crisolfm\/wp-json\/wp\/v2\/posts\/28322","targetHints":{"allow":["GET"]}}],"collection":[{"href":"https:\/\/sertv.gob.pa\/crisolfm\/wp-json\/wp\/v2\/posts"}],"about":[{"href":"https:\/\/sertv.gob.pa\/crisolfm\/wp-json\/wp\/v2\/types\/post"}],"author":[{"embeddable":true,"href":"https:\/\/sertv.gob.pa\/crisolfm\/wp-json\/wp\/v2\/users\/64"}],"replies":[{"embeddable":true,"href":"https:\/\/sertv.gob.pa\/crisolfm\/wp-json\/wp\/v2\/comments?post=28322"}],"version-history":[{"count":1,"href":"https:\/\/sertv.gob.pa\/crisolfm\/wp-json\/wp\/v2\/posts\/28322\/revisions"}],"predecessor-version":[{"id":28324,"href":"https:\/\/sertv.gob.pa\/crisolfm\/wp-json\/wp\/v2\/posts\/28322\/revisions\/28324"}],"wp:featuredmedia":[{"embeddable":true,"href":"https:\/\/sertv.gob.pa\/crisolfm\/wp-json\/wp\/v2\/media\/28323"}],"wp:attachment":[{"href":"https:\/\/sertv.gob.pa\/crisolfm\/wp-json\/wp\/v2\/media?parent=28322"}],"wp:term":[{"taxonomy":"category","embeddable":true,"href":"https:\/\/sertv.gob.pa\/crisolfm\/wp-json\/wp\/v2\/categories?post=28322"},{"taxonomy":"post_tag","embeddable":true,"href":"https:\/\/sertv.gob.pa\/crisolfm\/wp-json\/wp\/v2\/tags?post=28322"}],"curies":[{"name":"wp","href":"https:\/\/api.w.org\/{rel}","templated":true}]}}