{"id":28330,"date":"2020-05-20T15:06:12","date_gmt":"2020-05-20T15:06:12","guid":{"rendered":"https:\/\/sertv.gob.pa\/crisolfm\/?p=28330"},"modified":"2020-05-20T15:06:12","modified_gmt":"2020-05-20T15:06:12","slug":"bye-bye-a-las-grullas-en-la-peninsula-iberica-por-la-crisis-climatica","status":"publish","type":"post","link":"https:\/\/sertv.gob.pa\/crisolfm\/bye-bye-a-las-grullas-en-la-peninsula-iberica-por-la-crisis-climatica\/","title":{"rendered":"Bye, bye, a las grullas en la Pen\u00ednsula Ib\u00e9rica por la \u2018crisis clim\u00e1tica\u2019"},"content":{"rendered":"<p><strong>Las grullas comunes<\/strong> son grandes aves migratorias de larga distancia que habitan la regi\u00f3n ecol\u00f3gica Pale\u00e1rtica. Pasan la primavera, el verano y el principio del oto\u00f1o en el norte de Europa y Asia, donde cr\u00edan, y al final del oto\u00f1o y el invierno, en el sur de esta regi\u00f3n, es decir, en la Pen\u00ednsula Ib\u00e9rica, \u00c1frica y sur de Asia, aunque cada vez pasan menos tiempo en estos lugares.<\/p>\n<p>Para el trabajo, investigadores analizaron las fechas de paso de las grullas en los \u00faltimos 50 a\u00f1os por la Laguna de Gallocanta (Arag\u00f3n), una de las zonas de paso migratorio e invernada m\u00e1s importantes de Europa.<\/p>\n<p>Los resultados muestran que el aumento de temperaturas y la reducci\u00f3n de la extensi\u00f3n de zonas encharcadas han favorecido que <strong>las grullas abandonen antes las zonas de invernada<\/strong>, a raz\u00f3n de un d\u00eda cada tres a\u00f1os. \u00abDesde que tenemos datos, las grullas han anticipado el abandono de su \u00e1rea de invernada m\u00e1s de dos semanas\u00bb, apunta el investigador del MNCN-CSIC Luis M. Bautista.<\/p>\n<p>Seg\u00fan explica, este adelanto coincide con el progresivo aumento de la temperatura y la reducci\u00f3n de las zonas encharcadas que las grullas utilizan para pernoctar a salvo de depredadores. \u00abLa disminuci\u00f3n del agua libre tambi\u00e9n ha afectado a los escasos arroyos y canales que proporcionaban a las grullas el agua dulce necesaria para beber durante su parada en el entorno de la Laguna de Gallocanta, cuyas aguas son salobres\u00bb, a\u00f1ade.<\/p>\n<p>El investigador del IGME, Jos\u00e9 Mar\u00eda Orellana, advierte de que el aumento en los \u00edndices de desertificaci\u00f3n en el sur de Europa que prev\u00e9n los modelos clim\u00e1ticos \u00absupone un riesgo serio\u00bb que provocar\u00e1 <strong>una alteraci\u00f3n del h\u00e1bitat de invernada de las grullas<\/strong>, pero tambi\u00e9n de \u00abotras aves\u00bb: \u00abM\u00e1s all\u00e1 de c\u00f3mo afecta a las especies en sus rutinas migratorias, es previsible que esta alteraci\u00f3n ocasione un desequilibrio en los ecosistemas que ocupan las grullas u otras aves migratorias\u00bb.<\/p>\n<p>&nbsp;<\/p>\n<p>Fuente:\u00a0 ECOticias<\/p>\n","protected":false},"excerpt":{"rendered":"<p>Las grullas comunes son grandes aves migratorias de larga distancia <a href=\"https:\/\/sertv.gob.pa\/crisolfm\/bye-bye-a-las-grullas-en-la-peninsula-iberica-por-la-crisis-climatica\/\"> [&#8230;]<\/a><\/p>\n","protected":false},"author":64,"featured_media":28332,"comment_status":"closed","ping_status":"closed","sticky":false,"template":"","format":"standard","meta":{"footnotes":""},"categories":[7],"tags":[],"class_list":["post-28330","post","type-post","status-publish","format-standard","has-post-thumbnail","hentry","category-ecologicas"],"_links":{"self":[{"href":"https:\/\/sertv.gob.pa\/crisolfm\/wp-json\/wp\/v2\/posts\/28330","targetHints":{"allow":["GET"]}}],"collection":[{"href":"https:\/\/sertv.gob.pa\/crisolfm\/wp-json\/wp\/v2\/posts"}],"about":[{"href":"https:\/\/sertv.gob.pa\/crisolfm\/wp-json\/wp\/v2\/types\/post"}],"author":[{"embeddable":true,"href":"https:\/\/sertv.gob.pa\/crisolfm\/wp-json\/wp\/v2\/users\/64"}],"replies":[{"embeddable":true,"href":"https:\/\/sertv.gob.pa\/crisolfm\/wp-json\/wp\/v2\/comments?post=28330"}],"version-history":[{"count":1,"href":"https:\/\/sertv.gob.pa\/crisolfm\/wp-json\/wp\/v2\/posts\/28330\/revisions"}],"predecessor-version":[{"id":28333,"href":"https:\/\/sertv.gob.pa\/crisolfm\/wp-json\/wp\/v2\/posts\/28330\/revisions\/28333"}],"wp:featuredmedia":[{"embeddable":true,"href":"https:\/\/sertv.gob.pa\/crisolfm\/wp-json\/wp\/v2\/media\/28332"}],"wp:attachment":[{"href":"https:\/\/sertv.gob.pa\/crisolfm\/wp-json\/wp\/v2\/media?parent=28330"}],"wp:term":[{"taxonomy":"category","embeddable":true,"href":"https:\/\/sertv.gob.pa\/crisolfm\/wp-json\/wp\/v2\/categories?post=28330"},{"taxonomy":"post_tag","embeddable":true,"href":"https:\/\/sertv.gob.pa\/crisolfm\/wp-json\/wp\/v2\/tags?post=28330"}],"curies":[{"name":"wp","href":"https:\/\/api.w.org\/{rel}","templated":true}]}}