{"id":28337,"date":"2020-05-20T18:37:07","date_gmt":"2020-05-20T18:37:07","guid":{"rendered":"https:\/\/sertv.gob.pa\/crisolfm\/?p=28337"},"modified":"2020-05-20T18:37:07","modified_gmt":"2020-05-20T18:37:07","slug":"los-teatros-de-broadway-en-new-york-no-abriran-hasta-septiembre","status":"publish","type":"post","link":"https:\/\/sertv.gob.pa\/crisolfm\/los-teatros-de-broadway-en-new-york-no-abriran-hasta-septiembre\/","title":{"rendered":"Los teatros de Broadway en New York no abrir\u00e1n hasta septiembre"},"content":{"rendered":"<p>Los teatros de Broadway han extendido su cierre por coronavirus hasta el 6 de septiembre, seg\u00fan ha informado The Broadway League y recoge Reuters.<\/p>\n<p>\u00abSi bien a todos los espect\u00e1culos de Broadway les encantar\u00eda reanudar las representaciones lo antes posible, debemos garantizar la salud y el bienestar de todos los que vienen al teatro\u00bb, ha afirmado Charlotte St. Martin, presidente de The Broasway League.<\/p>\n<p>\u00abEstamos trabajando en cooperaci\u00f3n con los sindicatos de teatro, funcionarios gubernamentales y expertos en salud para determinar las formas m\u00e1s seguras de reiniciar nuestra industria. Durante este tiempo dif\u00edcil, hemos estado en estrecha comunicaci\u00f3n con la oficina del gobernador Cuomo y estamos agradecidos por su apoyo y liderazgo mientras trabajamos juntos para recuperar esta parte vital de la econom\u00eda y el esp\u00edritu de la ciudad de Nueva York\u00bb, ha a\u00f1adido.<\/p>\n<p>Antes de este anuncio, los teatros de Nueva York, una de las principales atracciones tur\u00edsticas de la ciudad, hab\u00edan puesto el 7 de junio como fecha de reapertura.<\/p>\n<p>Fuente:\u00a0 ABC &#8211; Cultura<\/p>\n","protected":false},"excerpt":{"rendered":"<p>Los teatros de Broadway han extendido su cierre por coronavirus <a href=\"https:\/\/sertv.gob.pa\/crisolfm\/los-teatros-de-broadway-en-new-york-no-abriran-hasta-septiembre\/\"> [&#8230;]<\/a><\/p>\n","protected":false},"author":64,"featured_media":28338,"comment_status":"closed","ping_status":"closed","sticky":false,"template":"","format":"standard","meta":{"footnotes":""},"categories":[6],"tags":[],"class_list":["post-28337","post","type-post","status-publish","format-standard","has-post-thumbnail","hentry","category-culturales"],"_links":{"self":[{"href":"https:\/\/sertv.gob.pa\/crisolfm\/wp-json\/wp\/v2\/posts\/28337","targetHints":{"allow":["GET"]}}],"collection":[{"href":"https:\/\/sertv.gob.pa\/crisolfm\/wp-json\/wp\/v2\/posts"}],"about":[{"href":"https:\/\/sertv.gob.pa\/crisolfm\/wp-json\/wp\/v2\/types\/post"}],"author":[{"embeddable":true,"href":"https:\/\/sertv.gob.pa\/crisolfm\/wp-json\/wp\/v2\/users\/64"}],"replies":[{"embeddable":true,"href":"https:\/\/sertv.gob.pa\/crisolfm\/wp-json\/wp\/v2\/comments?post=28337"}],"version-history":[{"count":1,"href":"https:\/\/sertv.gob.pa\/crisolfm\/wp-json\/wp\/v2\/posts\/28337\/revisions"}],"predecessor-version":[{"id":28339,"href":"https:\/\/sertv.gob.pa\/crisolfm\/wp-json\/wp\/v2\/posts\/28337\/revisions\/28339"}],"wp:featuredmedia":[{"embeddable":true,"href":"https:\/\/sertv.gob.pa\/crisolfm\/wp-json\/wp\/v2\/media\/28338"}],"wp:attachment":[{"href":"https:\/\/sertv.gob.pa\/crisolfm\/wp-json\/wp\/v2\/media?parent=28337"}],"wp:term":[{"taxonomy":"category","embeddable":true,"href":"https:\/\/sertv.gob.pa\/crisolfm\/wp-json\/wp\/v2\/categories?post=28337"},{"taxonomy":"post_tag","embeddable":true,"href":"https:\/\/sertv.gob.pa\/crisolfm\/wp-json\/wp\/v2\/tags?post=28337"}],"curies":[{"name":"wp","href":"https:\/\/api.w.org\/{rel}","templated":true}]}}