{"id":28373,"date":"2020-05-21T14:36:01","date_gmt":"2020-05-21T14:36:01","guid":{"rendered":"https:\/\/sertv.gob.pa\/crisolfm\/?p=28373"},"modified":"2020-05-21T14:36:01","modified_gmt":"2020-05-21T14:36:01","slug":"micultura-lamenta-deceso-de-educadora-actriz-y-escritora-isis-tejeira","status":"publish","type":"post","link":"https:\/\/sertv.gob.pa\/crisolfm\/micultura-lamenta-deceso-de-educadora-actriz-y-escritora-isis-tejeira\/","title":{"rendered":"MiCultura lamenta deceso de educadora, actriz y escritora Isis Tejeira"},"content":{"rendered":"<p>El Ministerio de Cultura lamenta el deceso de la reconocida educadora, actriz y escritora paname\u00f1a Isis Victoria Tejeira.<\/p>\n<p>Nacida en el 6 de junio de 1936, Tejeira inicio su vida profesional como maestra de escuela primaria, profesora de espa\u00f1ol y profesora de artes dram\u00e1ticas en colegios del pa\u00eds, combinando la disciplina con la actuaci\u00f3n, desde la d\u00e9cada de los sesenta.<\/p>\n<p>En 1962, recibi\u00f3 el premio actriz del a\u00f1o de la cr\u00edtica teatral paname\u00f1a y el premio Anayansi en 1963 por su labor en el teatro. Al respecto, Tejeira comentaba que: \u201ccada vez que termina una obra de teatro siento que he vuelto a la realidad\u201d.<\/p>\n<p>Doctora en Filolog\u00eda Rom\u00e1ntica de la Universidad de Madrid (1970), profesora y licenciada con especializaci\u00f3n en Espa\u00f1ol por la Universidad de Panam\u00e1, Isis Tejeira se mantuvo muy activa en la actividad literaria participando en talleres sobre poes\u00eda, novela y lirica moderna y contempor\u00e1nea paname\u00f1a dictados por el profesor Cedomil Goic de la Universidad de Chile. Asimismo, realiz\u00f3 una especializaci\u00f3n en Gram\u00e1tica a nivel de Post \u2013 Grado en la Universidad de Panam\u00e1.<\/p>\n<p>Fue profesora en la Universidad de Panam\u00e1, as\u00ed como directora y productora del grupo de teatro\u00a0Laberinto. En la casa de M\u00e9ndez Pereira, jug\u00f3 un rol importante en la creaci\u00f3n de la carrera de teatro en la Facultad de Bellas Artes.<\/p>\n<p>Renombrados escritores y estudiosos literarios han dedicado investigaciones orientadas a divulgar su obra literaria. Por su parte, los escritores Ricardo A. R\u00edos y Pedro Correa, tambi\u00e9n examinaron su obra.<\/p>\n<p>Emma G\u00f3mez, actual Coordinadora de Patrimonio Inmaterial del Ministerio de Cultura analiz\u00f3 acad\u00e9micamente la novela de Isis Tejeira \u201cSin Fecha Fija\u201d. Sobre Tejeira, G\u00f3mez la describi\u00f3 como una \u201chacedora de sue\u00f1os, amiga, coraje del agua y de la escena\u201d.<\/p>\n<p>\u201cSeres como t\u00fa jam\u00e1s se van, vuelan sobre el lecho de la rosa y la sonrisa. Son Luz, crean la lumbre en otros. Tu novela Sin fecha fija es un icono de nuestra cultura literaria. Tu cuento: El parto es una pieza perfecta\u201d, destac\u00f3.<\/p>\n<p>En literatura, Tejeira se destac\u00f3 con sus libros de cuentos El Impostor y Est\u00e1 Linda la Mar y Otros Cuentos, as\u00ed como con la novela Sin Fecha Fija.<\/p>\n<p>&nbsp;<\/p>\n<p>Fuente:\u00a0 MiCultura<\/p>\n","protected":false},"excerpt":{"rendered":"<p>El Ministerio de Cultura lamenta el deceso de la reconocida <a href=\"https:\/\/sertv.gob.pa\/crisolfm\/micultura-lamenta-deceso-de-educadora-actriz-y-escritora-isis-tejeira\/\"> [&#8230;]<\/a><\/p>\n","protected":false},"author":64,"featured_media":28374,"comment_status":"closed","ping_status":"closed","sticky":false,"template":"","format":"standard","meta":{"footnotes":""},"categories":[6],"tags":[],"class_list":["post-28373","post","type-post","status-publish","format-standard","has-post-thumbnail","hentry","category-culturales"],"_links":{"self":[{"href":"https:\/\/sertv.gob.pa\/crisolfm\/wp-json\/wp\/v2\/posts\/28373","targetHints":{"allow":["GET"]}}],"collection":[{"href":"https:\/\/sertv.gob.pa\/crisolfm\/wp-json\/wp\/v2\/posts"}],"about":[{"href":"https:\/\/sertv.gob.pa\/crisolfm\/wp-json\/wp\/v2\/types\/post"}],"author":[{"embeddable":true,"href":"https:\/\/sertv.gob.pa\/crisolfm\/wp-json\/wp\/v2\/users\/64"}],"replies":[{"embeddable":true,"href":"https:\/\/sertv.gob.pa\/crisolfm\/wp-json\/wp\/v2\/comments?post=28373"}],"version-history":[{"count":1,"href":"https:\/\/sertv.gob.pa\/crisolfm\/wp-json\/wp\/v2\/posts\/28373\/revisions"}],"predecessor-version":[{"id":28375,"href":"https:\/\/sertv.gob.pa\/crisolfm\/wp-json\/wp\/v2\/posts\/28373\/revisions\/28375"}],"wp:featuredmedia":[{"embeddable":true,"href":"https:\/\/sertv.gob.pa\/crisolfm\/wp-json\/wp\/v2\/media\/28374"}],"wp:attachment":[{"href":"https:\/\/sertv.gob.pa\/crisolfm\/wp-json\/wp\/v2\/media?parent=28373"}],"wp:term":[{"taxonomy":"category","embeddable":true,"href":"https:\/\/sertv.gob.pa\/crisolfm\/wp-json\/wp\/v2\/categories?post=28373"},{"taxonomy":"post_tag","embeddable":true,"href":"https:\/\/sertv.gob.pa\/crisolfm\/wp-json\/wp\/v2\/tags?post=28373"}],"curies":[{"name":"wp","href":"https:\/\/api.w.org\/{rel}","templated":true}]}}