{"id":28379,"date":"2020-05-21T15:21:11","date_gmt":"2020-05-21T15:21:11","guid":{"rendered":"https:\/\/sertv.gob.pa\/crisolfm\/?p=28379"},"modified":"2020-05-21T15:21:11","modified_gmt":"2020-05-21T15:21:11","slug":"impulsan-proyectos-productivos-en-la-reserva-forestal-la-yeguada","status":"publish","type":"post","link":"https:\/\/sertv.gob.pa\/crisolfm\/impulsan-proyectos-productivos-en-la-reserva-forestal-la-yeguada\/","title":{"rendered":"Impulsan proyectos productivos en la Reserva Forestal La Yeguada"},"content":{"rendered":"<p>Julieta Fern\u00e1ndez, directora Regional de MiAmbiente en la provincia de Veraguas, particip\u00f3 de la gira t\u00e9cnica para la divulgaci\u00f3n y selecci\u00f3n de potenciales productores, que participar\u00e1n en el Proyecto de Reforestaci\u00f3n y Manejo de 100 hect\u00e1reas de Pino Caribea (Pinus caribaea), en la Reserva Forestal La Yeguada, financiado por el Ministerio de Ambiente, a trav\u00e9s del Fideicomiso de Aguas, \u00c1reas Protegidas y Vida Silvestre y ejecutado por la Direcci\u00f3n Forestal.<\/p>\n<p>Este proyecto incluye la reforestaci\u00f3n de 100 hect\u00e1reas de la citada especie en zonas degradadas, para continuar con la recuperaci\u00f3n de la sabana verag\u00fcense. As\u00ed mismo, incluye el establecimiento de 4 hect\u00e1reas de plantaciones mixtas agr\u00edcolas de hortalizas y frutales y el establecimiento de parcelas agroforestales demostrativas,\u00a0en un \u00e1rea de 7,500 metros cuadrados, para productores de subsistencia, en donde se incluye frutales, cultivos permanentes como caf\u00e9, cacao, pl\u00e1tanos, guineos, pif\u00e1, entre otros; combinado con cultivos anuales y hortalizas.<\/p>\n<p>El objetivo es apoyar a los peque\u00f1os productores de la regi\u00f3n a mejorar su seguridad alimentaria y poder vender el excedente de la producci\u00f3n a los visitantes en el Rancho \u2013 mercado,\u00a0que existe en las instalaciones de MiAmbiente en la Reserva Forestal La Yeguada.<\/p>\n<p>&nbsp;<\/p>\n<p>Fuente: MiAmbiente<\/p>\n","protected":false},"excerpt":{"rendered":"<p>Julieta Fern\u00e1ndez, directora Regional de MiAmbiente en la provincia de <a href=\"https:\/\/sertv.gob.pa\/crisolfm\/impulsan-proyectos-productivos-en-la-reserva-forestal-la-yeguada\/\"> [&#8230;]<\/a><\/p>\n","protected":false},"author":64,"featured_media":28380,"comment_status":"closed","ping_status":"closed","sticky":false,"template":"","format":"standard","meta":{"footnotes":""},"categories":[7],"tags":[],"class_list":["post-28379","post","type-post","status-publish","format-standard","has-post-thumbnail","hentry","category-ecologicas"],"_links":{"self":[{"href":"https:\/\/sertv.gob.pa\/crisolfm\/wp-json\/wp\/v2\/posts\/28379","targetHints":{"allow":["GET"]}}],"collection":[{"href":"https:\/\/sertv.gob.pa\/crisolfm\/wp-json\/wp\/v2\/posts"}],"about":[{"href":"https:\/\/sertv.gob.pa\/crisolfm\/wp-json\/wp\/v2\/types\/post"}],"author":[{"embeddable":true,"href":"https:\/\/sertv.gob.pa\/crisolfm\/wp-json\/wp\/v2\/users\/64"}],"replies":[{"embeddable":true,"href":"https:\/\/sertv.gob.pa\/crisolfm\/wp-json\/wp\/v2\/comments?post=28379"}],"version-history":[{"count":1,"href":"https:\/\/sertv.gob.pa\/crisolfm\/wp-json\/wp\/v2\/posts\/28379\/revisions"}],"predecessor-version":[{"id":28381,"href":"https:\/\/sertv.gob.pa\/crisolfm\/wp-json\/wp\/v2\/posts\/28379\/revisions\/28381"}],"wp:featuredmedia":[{"embeddable":true,"href":"https:\/\/sertv.gob.pa\/crisolfm\/wp-json\/wp\/v2\/media\/28380"}],"wp:attachment":[{"href":"https:\/\/sertv.gob.pa\/crisolfm\/wp-json\/wp\/v2\/media?parent=28379"}],"wp:term":[{"taxonomy":"category","embeddable":true,"href":"https:\/\/sertv.gob.pa\/crisolfm\/wp-json\/wp\/v2\/categories?post=28379"},{"taxonomy":"post_tag","embeddable":true,"href":"https:\/\/sertv.gob.pa\/crisolfm\/wp-json\/wp\/v2\/tags?post=28379"}],"curies":[{"name":"wp","href":"https:\/\/api.w.org\/{rel}","templated":true}]}}