{"id":28388,"date":"2020-05-21T17:13:00","date_gmt":"2020-05-21T17:13:00","guid":{"rendered":"https:\/\/sertv.gob.pa\/crisolfm\/?p=28388"},"modified":"2020-05-21T17:13:00","modified_gmt":"2020-05-21T17:13:00","slug":"festival-de-cine-de-panama-se-transforma-en-virtual-por-la-pandemia-de-covid-19","status":"publish","type":"post","link":"https:\/\/sertv.gob.pa\/crisolfm\/festival-de-cine-de-panama-se-transforma-en-virtual-por-la-pandemia-de-covid-19\/","title":{"rendered":"Festival de Cine de Panam\u00e1 se transforma en virtual por la pandemia de COVID-19"},"content":{"rendered":"<p>La novena edici\u00f3n del Festival Internacional de Cine de Panam\u00e1, que se inicia el viernes, ser\u00e1 virtual para evitar contagios por el nuevo coronavirus, en medio de la incertidumbre y el ascenso imparable de plataformas digitales que amenaza a la gran pantalla.<\/p>\n<p>Bajo el t\u00edtulo \u00abCine es vida en casa\u00bb, el certamen proyectar\u00e1 a trav\u00e9s de una plataforma en l\u00ednea 13 pel\u00edculas de 16 pa\u00edses, tras verse obligado a suspender la muestra hace un par de meses por el nuevo coronavirus.<\/p>\n<p>La muestra original con p\u00fablico y en salas de cine estaba prevista entre el 26 de marzo y el 1\u00b0 de abril, pero fue cancelada temporalmente por las medidas decretadas por el gobierno paname\u00f1o para tratar de detener la pandemia.<\/p>\n<p>\u00abTomar la decisi\u00f3n de hacer un festival virtual no fue para nada f\u00e1cil, estuvimos hasta el \u00faltimo momento pensando que lo pod\u00edamos llevar a cabo este a\u00f1o aunque fuese tarde\u00bb, dijo a la AFP la directora del festival, Pituka Ortega.<\/p>\n<p>Sin embargo, la paralizaci\u00f3n de amplios sectores econ\u00f3micos, la prohibici\u00f3n de vuelos, el cierre moment\u00e1neo de las salas de cine, las medidas de cuarentena y el propio per\u00edodo de vida de las pel\u00edculas hizo cambiar de opini\u00f3n a los organizadores.<\/p>\n<p>\u00abLa otra opci\u00f3n era quedarnos sentados esperando a ver qu\u00e9 pasaba y esa no era una opci\u00f3n. Esto es algo nuevo absolutamente para todos. Trataremos de hacer m\u00e1s cosas durante el a\u00f1o con las pel\u00edculas que tenemos y trataremos de tener tambi\u00e9n mesas de di\u00e1logo con los directores\u00bb, agrega ortega.<\/p>\n<p>El festival paname\u00f1o programar\u00e1 entre el 22 y el 26 de mayo \u00abLa vida invisible\u00bb, del brasile\u00f1o Karim A\u00efnouz; \u00abSorry We Missed You\u00bb, del ingl\u00e9s Ken Loach; \u00abAra\u00f1a\u00bb, del chileno Andr\u00e9s Wood; \u00abAs\u00ed habl\u00f3 el cambista\u00bb, del uruguayo Federico Veiroj; y la producci\u00f3n colectiva centroamericana \u00abD\u00edas de Luz\u00bb, entre otras.\u00a0 Tambi\u00e9n est\u00e1n anunciados el actor argentino Ricardo Dar\u00edn y el espa\u00f1ol Luis Tosar, adem\u00e1s de las actrices mexicana Yalitza Aparicio, la estadounidense Geraldine Chaplin y la chilena Daniela Vega.<\/p>\n<p>\u00abLa crisis sanitaria ha cambiado las reglas del juego del consumo del entretenimiento mundial. De festivales literarios a bienales de arte, todos han suspendido labores o han cambiado de fechas de inicio o se han pasado al digital\u00bb, se\u00f1ala a la AFP Daniel Dom\u00ednguez, director de las Artes del Ministerio de\u00a0<strong>Cultura<\/strong>\u00a0de Panam\u00e1.<\/p>\n<p>La pandemia ha creado incertidumbre en el s\u00e9ptimo arte, con producciones cinematogr\u00e1ficas canceladas y salas de cine cerradas. Directores y productores tambi\u00e9n temen una merma considerable de espectadores por miedo al virus o por medidas de distanciamiento en las salas.<\/p>\n<p>\u00abQuiz\u00e1s, por un tiempo, ni siquiera un sector de los espectadores se animar\u00e1 a ir a las salas de cine o a un restaurante por simple miedo o por una comprensible paranoia\u00bb, advierte Dom\u00ednguez.<\/p>\n<p>\u00abVa a afectar la forma de ir al cine y de asistir a las salas hasta que por lo menos no haya una cura o una vacuna para este virus para que la gente no tenga temor\u00bb, indica a la AFP el productor paname\u00f1o, Luis Pacheco.<\/p>\n<p>El virus ha provocado tambi\u00e9n que los gigantes del streaming como Netflix o Amazon se hayan convertido en los reyes del confinamiento.<\/p>\n<p>Solo Netflix sum\u00f3 15,8 millones de nuevos abonados entre enero y marzo gracias a la cuarentena, para un total de 183 millones de usuarios.<\/p>\n<p>Los cineastas ven una oportunidad en estas plataformas para sus producciones, aunque reconocen que pueden quitarle mercado a las salas.<\/p>\n<p>\u00abLas plataformas y el cine convencional como lo conocemos van a continuar y a convivir, ambos son muy importantes\u00bb, afirma Pacheco.<\/p>\n<p>&nbsp;<\/p>\n<p>Fuente:\u00a0 AFP<\/p>\n","protected":false},"excerpt":{"rendered":"<p>La novena edici\u00f3n del Festival Internacional de Cine de Panam\u00e1, <a href=\"https:\/\/sertv.gob.pa\/crisolfm\/festival-de-cine-de-panama-se-transforma-en-virtual-por-la-pandemia-de-covid-19\/\"> [&#8230;]<\/a><\/p>\n","protected":false},"author":64,"featured_media":28389,"comment_status":"closed","ping_status":"closed","sticky":false,"template":"","format":"standard","meta":{"footnotes":""},"categories":[6],"tags":[],"class_list":["post-28388","post","type-post","status-publish","format-standard","has-post-thumbnail","hentry","category-culturales"],"_links":{"self":[{"href":"https:\/\/sertv.gob.pa\/crisolfm\/wp-json\/wp\/v2\/posts\/28388","targetHints":{"allow":["GET"]}}],"collection":[{"href":"https:\/\/sertv.gob.pa\/crisolfm\/wp-json\/wp\/v2\/posts"}],"about":[{"href":"https:\/\/sertv.gob.pa\/crisolfm\/wp-json\/wp\/v2\/types\/post"}],"author":[{"embeddable":true,"href":"https:\/\/sertv.gob.pa\/crisolfm\/wp-json\/wp\/v2\/users\/64"}],"replies":[{"embeddable":true,"href":"https:\/\/sertv.gob.pa\/crisolfm\/wp-json\/wp\/v2\/comments?post=28388"}],"version-history":[{"count":1,"href":"https:\/\/sertv.gob.pa\/crisolfm\/wp-json\/wp\/v2\/posts\/28388\/revisions"}],"predecessor-version":[{"id":28390,"href":"https:\/\/sertv.gob.pa\/crisolfm\/wp-json\/wp\/v2\/posts\/28388\/revisions\/28390"}],"wp:featuredmedia":[{"embeddable":true,"href":"https:\/\/sertv.gob.pa\/crisolfm\/wp-json\/wp\/v2\/media\/28389"}],"wp:attachment":[{"href":"https:\/\/sertv.gob.pa\/crisolfm\/wp-json\/wp\/v2\/media?parent=28388"}],"wp:term":[{"taxonomy":"category","embeddable":true,"href":"https:\/\/sertv.gob.pa\/crisolfm\/wp-json\/wp\/v2\/categories?post=28388"},{"taxonomy":"post_tag","embeddable":true,"href":"https:\/\/sertv.gob.pa\/crisolfm\/wp-json\/wp\/v2\/tags?post=28388"}],"curies":[{"name":"wp","href":"https:\/\/api.w.org\/{rel}","templated":true}]}}