{"id":28399,"date":"2020-05-21T19:19:13","date_gmt":"2020-05-21T19:19:13","guid":{"rendered":"https:\/\/sertv.gob.pa\/crisolfm\/?p=28399"},"modified":"2020-05-21T19:19:13","modified_gmt":"2020-05-21T19:19:13","slug":"cuanto-vale-la-mona-lisa-un-empresario-frances-cree-que-podria-pagar-la-crisis-del-coronavirus","status":"publish","type":"post","link":"https:\/\/sertv.gob.pa\/crisolfm\/cuanto-vale-la-mona-lisa-un-empresario-frances-cree-que-podria-pagar-la-crisis-del-coronavirus\/","title":{"rendered":"\u00bfCu\u00e1nto vale la Mona Lisa? Un empresario franc\u00e9s cree que podr\u00eda pagar la crisis del coronavirus"},"content":{"rendered":"<p>El 15 de noviembre de 2017, una desconocida y discutida obra de <strong>Leonardo da Vinci <\/strong>se vendi\u00f3 en Nueva York por 450,3 millones de d\u00f3lares. Ese d\u00eda el \u00abSalvator Mundi\u00bb se convirti\u00f3 en la obra m\u00e1s cara vendida en una subasta de la historia, y confirmaba el valor de la firma del genio renacentista, aun quinientos a\u00f1os despu\u00e9s de su muerte. Ahora, un empresario franc\u00e9s se ha preguntado si la <strong>Mona Lisa<\/strong>, la obra m\u00e1s famosa del mundo, podr\u00eda venderse para pagar la crisis del coronavirus en Francia. Porque, \u00bfcu\u00e1nto valdr\u00eda la Mona Lisa?<\/p>\n<p>Seg\u00fan <strong>St\u00e9phane Distinguin<\/strong>, CEO de la tecnol\u00f3gica Fabernovel, ese cuadro se vender\u00eda por no menos de<strong> 50.000 millones de euros<\/strong>. El empresario ha desatado la pol\u00e9mica en el pa\u00eds galo al proponer que esta ser\u00eda una buena forma de sufragar los gastos de la pandemia.<\/p>\n<p>\u00abD\u00eda tras d\u00eda enumeramos los miles de millones que conlleva esta crisis, como ni\u00f1os que cuentan cu\u00e1nto tarda en llegar al fondo una piedra cuando la tiras a un pozo para medir su profundidad\u00bb, ha explicado en una entrevista concedida a la revista \u00abUsbek &amp; Rica\u00bb y recogida por \u00abThe Indpendent\u00bb. \u00abComo empresario y contribuyente s\u00e9 que estos miles de millones no se pueden inventar y que necesariamente nos costar\u00e1n a nosotros. Un reflejo obvio es vender un activo valioso al mayor precio posible, pero que afecte lo m\u00e1s m\u00ednimo posible a nuestro futuro\u00bb, ha a\u00f1adido.<\/p>\n<p>Y he aqu\u00ed la conclusi\u00f3n: \u00ab<strong>Una pintura es f\u00e1cil de mover <\/strong>y por lo tanto de entregar. Tenemos muchos cuadros&#8230; En 2020 tenemos que sacar el dinero de d\u00f3nde est\u00e9. As\u00ed que vendamos joyas familiares&#8230; El precio es lo esencial y la principal causa de controversia. El precio tiene que ser descabellado para que la operaci\u00f3n tenga sentido. Calculo que costar\u00eda no menos de 50.000 millones de euros adquirir la Mona Lisa\u00bb.<\/p>\n<p>El empresario tambi\u00e9n ha indicado la forma de pago, al sostener que la Mona Lisa puede ser \u00abtokenizada\u00bb con alguna <strong>criptomoneda <\/strong>para que la transacci\u00f3n entre pa\u00edses sea m\u00e1s sencilla. \u00abLegal y t\u00e9cnicamente, esta soluci\u00f3n tendr\u00eda muchas ventajas, pues permitir\u00eda a Francia y al Louvre mantener el control de la pintura. Incluso se puede imaginar que esta esta maniobra obtendr\u00eda la aprobaci\u00f3n del gran Leonardo Da Vinci, quien pint\u00f3, pero tambi\u00e9n domin\u00f3 todas las ciencias y tecnolog\u00edas de su \u00e9poca\u00bb.<\/p>\n<p>&nbsp;<\/p>\n<p>Fuente: ABC Cultura<\/p>\n","protected":false},"excerpt":{"rendered":"<p>El 15 de noviembre de 2017, una desconocida y discutida <a href=\"https:\/\/sertv.gob.pa\/crisolfm\/cuanto-vale-la-mona-lisa-un-empresario-frances-cree-que-podria-pagar-la-crisis-del-coronavirus\/\"> [&#8230;]<\/a><\/p>\n","protected":false},"author":64,"featured_media":28400,"comment_status":"closed","ping_status":"closed","sticky":false,"template":"","format":"standard","meta":{"footnotes":""},"categories":[6],"tags":[],"class_list":["post-28399","post","type-post","status-publish","format-standard","has-post-thumbnail","hentry","category-culturales"],"_links":{"self":[{"href":"https:\/\/sertv.gob.pa\/crisolfm\/wp-json\/wp\/v2\/posts\/28399","targetHints":{"allow":["GET"]}}],"collection":[{"href":"https:\/\/sertv.gob.pa\/crisolfm\/wp-json\/wp\/v2\/posts"}],"about":[{"href":"https:\/\/sertv.gob.pa\/crisolfm\/wp-json\/wp\/v2\/types\/post"}],"author":[{"embeddable":true,"href":"https:\/\/sertv.gob.pa\/crisolfm\/wp-json\/wp\/v2\/users\/64"}],"replies":[{"embeddable":true,"href":"https:\/\/sertv.gob.pa\/crisolfm\/wp-json\/wp\/v2\/comments?post=28399"}],"version-history":[{"count":1,"href":"https:\/\/sertv.gob.pa\/crisolfm\/wp-json\/wp\/v2\/posts\/28399\/revisions"}],"predecessor-version":[{"id":28401,"href":"https:\/\/sertv.gob.pa\/crisolfm\/wp-json\/wp\/v2\/posts\/28399\/revisions\/28401"}],"wp:featuredmedia":[{"embeddable":true,"href":"https:\/\/sertv.gob.pa\/crisolfm\/wp-json\/wp\/v2\/media\/28400"}],"wp:attachment":[{"href":"https:\/\/sertv.gob.pa\/crisolfm\/wp-json\/wp\/v2\/media?parent=28399"}],"wp:term":[{"taxonomy":"category","embeddable":true,"href":"https:\/\/sertv.gob.pa\/crisolfm\/wp-json\/wp\/v2\/categories?post=28399"},{"taxonomy":"post_tag","embeddable":true,"href":"https:\/\/sertv.gob.pa\/crisolfm\/wp-json\/wp\/v2\/tags?post=28399"}],"curies":[{"name":"wp","href":"https:\/\/api.w.org\/{rel}","templated":true}]}}