{"id":28427,"date":"2020-05-22T15:12:44","date_gmt":"2020-05-22T15:12:44","guid":{"rendered":"https:\/\/sertv.gob.pa\/crisolfm\/?p=28427"},"modified":"2020-05-22T15:12:44","modified_gmt":"2020-05-22T15:12:44","slug":"los-museos-vaticanos-abren-de-nuevo-sus-puertas-bajo-estrictas-medidas-de-seguridad","status":"publish","type":"post","link":"https:\/\/sertv.gob.pa\/crisolfm\/los-museos-vaticanos-abren-de-nuevo-sus-puertas-bajo-estrictas-medidas-de-seguridad\/","title":{"rendered":"Los Museos Vaticanos abren de nuevo sus puertas bajo estrictas medidas de seguridad"},"content":{"rendered":"<p style=\"text-align: justify\">Los <strong>Museos Vaticanos<\/strong> han abierto por primera vez desde que se decretara el estado de alarma por la pandemia en Italia bajo <strong>estrictas medidas de seguridad<\/strong> para los turistas, como la necesidad de reservar cita previa o la obligaci\u00f3n de llevar mascarilla durante la visita.<\/p>\n<p style=\"text-align: justify\">Adem\u00e1s, se han instalado <strong>term\u00f3metros en las entradas<\/strong> para que los turistas puedan visitar las colecciones de arte de la Santa Sede, pero siempre evitando las <strong>aglomeraciones<\/strong> y respetando las distancias de seguridad m\u00ednimas para reducir el riesgo de <strong>contagio del coronavirus<\/strong>.<\/p>\n<p style=\"text-align: justify\">Seg\u00fan aclar\u00f3 el espa\u00f1ol Fernando V\u00e9rgez Alzaga, secretario del Governatorato de Ciudad del Vaticano, el sistema de reservas permitir\u00e1 \u00ab<strong>escalonar las entradas<\/strong> durante las horas de apertura\u00bb. V\u00e9rgez Alzaga a\u00f1adi\u00f3 que los visitantes \u00abdeber\u00e1n llevar mascarilla\u00bb y que \u00abdurante mucho tiempo, <strong>no ser\u00e1 posible acoger grupos numerosos<\/strong>\u00ab.<\/p>\n<aside class=\"roba-intercalado sin-fondo layer_inpage\"><span id=\"layer_inpage-id\" data-voc-vam=\"\" data-voc-vam-position=\"layer_inpage\" data-voc-vam-outofpage=\"true\" data-google-query-id=\"CKrIr_vfx-kCFc7AlAkdVNQLvQ\" data-voc-vam-displayed=\"true\">\u00a0<\/span>Durante el \u00faltimo mes y medio, solo una treintena de los cerca de un millar de empleados y colaboradores (historiadores, restauradores, custodios&#8230;) han podido acceder a los <strong>Museos Vaticanos<\/strong>, que <a href=\"https:\/\/www.abc.es\/cultura\/arte\/abci-coronavirus-pone-jaque-museos-vaticanos-cierre-podria-prolongarse-durante-semana-santa-202003090118_noticia.html\" target=\"_blank\" rel=\"noopener\">cerraron sus puertas al p\u00fablico<\/a> \u00abconscientes de que la protecci\u00f3n de la salud es lo primero\u00bb, para llevar a cabo \u00abactividades esenciales\u00bb.<\/aside>\n<p style=\"text-align: justify\">Tambi\u00e9n la <strong>Bas\u00edlica de San Pedro del Vaticano<\/strong> ha abierto sus puertas a turistas y peregrinos despu\u00e9s de aplicar una soluci\u00f3n de cloro a las zonas m\u00e1s concurridas para desinfectarlas. La Guardia Suiza del Vaticano y los voluntarios de la Orden de Malta ser\u00e1n los encargados de <strong>regular los accesos al templo<\/strong> que, como el resto de iglesias en territorio italiano, cumplir\u00e1n ciertas disposiciones, como la instalaci\u00f3n de gel desinfectante de manos en las entradas o la obligaci\u00f3n de usar mascarilla.<\/p>\n<p>&nbsp;<\/p>\n<p style=\"text-align: justify\">ABC Cultura<\/p>\n<p style=\"text-align: justify\">\n","protected":false},"excerpt":{"rendered":"<p>Los Museos Vaticanos han abierto por primera vez desde que <a href=\"https:\/\/sertv.gob.pa\/crisolfm\/los-museos-vaticanos-abren-de-nuevo-sus-puertas-bajo-estrictas-medidas-de-seguridad\/\"> [&#8230;]<\/a><\/p>\n","protected":false},"author":64,"featured_media":28428,"comment_status":"closed","ping_status":"closed","sticky":false,"template":"","format":"standard","meta":{"footnotes":""},"categories":[6],"tags":[],"class_list":["post-28427","post","type-post","status-publish","format-standard","has-post-thumbnail","hentry","category-culturales"],"_links":{"self":[{"href":"https:\/\/sertv.gob.pa\/crisolfm\/wp-json\/wp\/v2\/posts\/28427","targetHints":{"allow":["GET"]}}],"collection":[{"href":"https:\/\/sertv.gob.pa\/crisolfm\/wp-json\/wp\/v2\/posts"}],"about":[{"href":"https:\/\/sertv.gob.pa\/crisolfm\/wp-json\/wp\/v2\/types\/post"}],"author":[{"embeddable":true,"href":"https:\/\/sertv.gob.pa\/crisolfm\/wp-json\/wp\/v2\/users\/64"}],"replies":[{"embeddable":true,"href":"https:\/\/sertv.gob.pa\/crisolfm\/wp-json\/wp\/v2\/comments?post=28427"}],"version-history":[{"count":1,"href":"https:\/\/sertv.gob.pa\/crisolfm\/wp-json\/wp\/v2\/posts\/28427\/revisions"}],"predecessor-version":[{"id":28429,"href":"https:\/\/sertv.gob.pa\/crisolfm\/wp-json\/wp\/v2\/posts\/28427\/revisions\/28429"}],"wp:featuredmedia":[{"embeddable":true,"href":"https:\/\/sertv.gob.pa\/crisolfm\/wp-json\/wp\/v2\/media\/28428"}],"wp:attachment":[{"href":"https:\/\/sertv.gob.pa\/crisolfm\/wp-json\/wp\/v2\/media?parent=28427"}],"wp:term":[{"taxonomy":"category","embeddable":true,"href":"https:\/\/sertv.gob.pa\/crisolfm\/wp-json\/wp\/v2\/categories?post=28427"},{"taxonomy":"post_tag","embeddable":true,"href":"https:\/\/sertv.gob.pa\/crisolfm\/wp-json\/wp\/v2\/tags?post=28427"}],"curies":[{"name":"wp","href":"https:\/\/api.w.org\/{rel}","templated":true}]}}