{"id":28439,"date":"2020-05-22T19:14:49","date_gmt":"2020-05-22T19:14:49","guid":{"rendered":"https:\/\/sertv.gob.pa\/crisolfm\/?p=28439"},"modified":"2020-05-22T19:14:49","modified_gmt":"2020-05-22T19:14:49","slug":"muere-el-musico-mory-kante-cantante-de-ye-ke-ye-ke","status":"publish","type":"post","link":"https:\/\/sertv.gob.pa\/crisolfm\/muere-el-musico-mory-kante-cantante-de-ye-ke-ye-ke\/","title":{"rendered":"Muere el m\u00fasico Mory Kant\u00e9, cantante de \u2018Ye k\u00e9 Ye k\u00e9\u2019"},"content":{"rendered":"<p>\u201cQuerr\u00eda utilizar la kora en una m\u00fasica completamente electr\u00f3nica\u201d,<a href=\"https:\/\/elpais.com\/elpais\/2012\/12\/01\/africa_no_es_un_pais\/1354345800_135434.html\" target=\"_blank\" rel=\"noopener\"> dec\u00eda Mory Kant\u00e9<\/a> all\u00e1 por 1981, reci\u00e9n publicado <em>Courougnegne<\/em>, su primer \u00e1lbum. Faltaban seis a\u00f1os para que su canci\u00f3n <em>Ye k\u00e9 Ye k\u00e9<\/em>, editada en el \u00e1lbum <em>Akwaba Beach<\/em>, sonase en las discotecas de medio mundo. <em>Ye k\u00e9 Ye k\u00e9<\/em>, que fue pasto de remezclas e inspir\u00f3 a no pocos <em>dj<\/em> incluso mucho tiempo despu\u00e9s de su publicaci\u00f3n, subi\u00f3 al Olimpo de los \u00e9xitos de la m\u00fasica africana junto a piezas como <em>Mario<\/em>, de Franco; <em>Pata-Pata<\/em>, de Miriam Makeba, y<em> Soul Makossa,<\/em> de Manu Dibango. Ayer, Mory Kant\u00e9 tal vez tuvo un \u00faltimo recuerdo para esa canci\u00f3n antes de expirar, seg\u00fan anunci\u00f3 su hijo Balla Kant\u00e9, en un hospital de Conakry. Sufr\u00eda varias enfermedades que le trataban en Francia, pero la pandemia de coronavirus le oblig\u00f3 a interrumpir sus viajes.<a href=\"https:\/\/elpais.com\/elpais\/2012\/12\/01\/africa_no_es_un_pais\/1354345800_135434.html\" target=\"_blank\" rel=\"noopener\"> Ten\u00eda 70 a\u00f1os. <\/a><\/p>\n<p>Nacido en 1950 en Albadaria, villa de Guinea enclavada en las fuentes del r\u00edo N\u00edger, Kante era hijo de madre maliense y padre guineano, y de ni\u00f1o se traslad\u00f3 a Mal\u00ed. <em>Griot<\/em> (depositario de la memoria, contador y cantador de historias) y tocador de kora (especie de arpa de 21 cuerdas, instrumento que simboliza la m\u00fasica mandinga de \u00c1frica occidental), <a href=\"https:\/\/elpais.com\/elpais\/2012\/12\/01\/africa_no_es_un_pais\/1354345800_135434.html\" target=\"_blank\" rel=\"noopener\">form\u00f3 parte de la m\u00edtica Rail Band du Buffet de la Gare de Bamako,<\/a> donde militaba un cantante albino de nombre Salif Ke\u00efta, que asimil\u00f3 las vibraciones cubanas y los ritmos que llegaban de Francia.<\/p>\n<p>A finales de los a\u00f1os setenta, cuando la situaci\u00f3n econ\u00f3mica de Mal\u00ed pasa por una etapa dif\u00edcil, Kant\u00e9 abandona el pa\u00eds y se instala en Costa de Marfil. Es aqu\u00ed donde comienza a desarrollar un lenguaje nuevo para la kora, creando un sonido que podr\u00edamos definir como una mixtura de electro-funk, reggae y soul. M\u00e1s tarde, teniendo Par\u00eds como centro de operaciones, particip\u00f3 en <em>Tam-Tam pour l&#8217;\u00c9thiopie<\/em>, canci\u00f3n insignia que bajo la batuta de Manu Dibango congreg\u00f3 a una docena de artistas de pa\u00edses africanos. Tras \u00e1lbumes como <em>10 Cola Nuts<\/em> y <em>Mory Kant\u00e9 \u00e1 Paris,<\/em> el triunfo internacional le sonri\u00f3 con el mencionado <em>Akwaba Beach <\/em>(el t\u00edtulo se refiere a una playa de Abidj\u00e1n a la que sol\u00eda retirarse para meditar). Ya en los a\u00f1os noventa, registr\u00f3 discos como <em>Touma, N\u2019Diarabi, Nongo Village<\/em> y <em>Tatebola.<\/em><\/p>\n<p>Fueron grabaciones en las que<a href=\"https:\/\/elpais.com\/elpais\/2012\/12\/01\/africa_no_es_un_pais\/1354345800_135434.html\" target=\"_blank\" rel=\"noopener\"> Kant\u00e9 desarroll\u00f3 su concepto de electro-mandinga <\/a>, acerc\u00e1ndose as\u00ed a los par\u00e1metros del trip-hop y del tecno, por ejemplo. Otros discos posteriores son<em> Tamala-Le Voyageur,<\/em> <em>Sabou<\/em>, y <em>La Guin\u00e9enne. <\/em>Tal vez su nivel de creatividad a la hora de componer canciones no lleg\u00f3 a la altura del mostrado por un Salif Ke\u00efta, pero su b\u00fasqueda y audacia en el contexto de la m\u00fasica africana de la \u00e9poca fueron notables. Y m\u00e1s: guiaron a m\u00fasicos de generaciones posteriores. Hoy, artistas como <a href=\"https:\/\/www.baloji.com\/\" target=\"_blank\" rel=\"noopener\">Baloji<\/a>, Kokoko, BCUC y Batuk, entre otros, son sus nietos sonoros. Adem\u00e1s de con Dibango, Kant\u00e9 grab\u00f3 con Ray Lema, Hugh Masekela, Khaled, Santana y Talking Heads. Por cierto: <em>Ye k\u00e9 Ye k\u00e9<\/em> parti\u00f3 de una melod\u00eda mandinga que se cantaba durante la recolecci\u00f3n de la cosecha de mijo. La tecnolog\u00eda (las puntas, o sea) que acompa\u00f1\u00f3 a las ra\u00edces fue obra del productor ingl\u00e9s Nick Patrick. Kant\u00e9 introduc\u00eda siempre esa canci\u00f3n en el repertorio de sus conciertos, aunque en los \u00faltimos a\u00f1os sol\u00eda decantarse por actuaciones de car\u00e1cter ac\u00fastico.<\/p>\n<p>Una cita abr\u00eda este texto y otra lo cierra: \u201cNo puedes subir a un \u00e1rbol de mangos y dejarte el saco en la base\u201d. Lo dijo en 1988, cuando<em> Ye k\u00e9 Ye k\u00e9<\/em> ya la tarareaban hasta los ni\u00f1os de pecho. Filosof\u00eda mandinga, supongo.<\/p>\n<p>&nbsp;<\/p>\n<p>Fuente:\u00a0 El Pa\u00eds<\/p>\n","protected":false},"excerpt":{"rendered":"<p>\u201cQuerr\u00eda utilizar la kora en una m\u00fasica completamente electr\u00f3nica\u201d, dec\u00eda <a href=\"https:\/\/sertv.gob.pa\/crisolfm\/muere-el-musico-mory-kante-cantante-de-ye-ke-ye-ke\/\"> [&#8230;]<\/a><\/p>\n","protected":false},"author":64,"featured_media":28440,"comment_status":"closed","ping_status":"closed","sticky":false,"template":"","format":"standard","meta":{"footnotes":""},"categories":[6],"tags":[],"class_list":["post-28439","post","type-post","status-publish","format-standard","has-post-thumbnail","hentry","category-culturales"],"_links":{"self":[{"href":"https:\/\/sertv.gob.pa\/crisolfm\/wp-json\/wp\/v2\/posts\/28439","targetHints":{"allow":["GET"]}}],"collection":[{"href":"https:\/\/sertv.gob.pa\/crisolfm\/wp-json\/wp\/v2\/posts"}],"about":[{"href":"https:\/\/sertv.gob.pa\/crisolfm\/wp-json\/wp\/v2\/types\/post"}],"author":[{"embeddable":true,"href":"https:\/\/sertv.gob.pa\/crisolfm\/wp-json\/wp\/v2\/users\/64"}],"replies":[{"embeddable":true,"href":"https:\/\/sertv.gob.pa\/crisolfm\/wp-json\/wp\/v2\/comments?post=28439"}],"version-history":[{"count":1,"href":"https:\/\/sertv.gob.pa\/crisolfm\/wp-json\/wp\/v2\/posts\/28439\/revisions"}],"predecessor-version":[{"id":28441,"href":"https:\/\/sertv.gob.pa\/crisolfm\/wp-json\/wp\/v2\/posts\/28439\/revisions\/28441"}],"wp:featuredmedia":[{"embeddable":true,"href":"https:\/\/sertv.gob.pa\/crisolfm\/wp-json\/wp\/v2\/media\/28440"}],"wp:attachment":[{"href":"https:\/\/sertv.gob.pa\/crisolfm\/wp-json\/wp\/v2\/media?parent=28439"}],"wp:term":[{"taxonomy":"category","embeddable":true,"href":"https:\/\/sertv.gob.pa\/crisolfm\/wp-json\/wp\/v2\/categories?post=28439"},{"taxonomy":"post_tag","embeddable":true,"href":"https:\/\/sertv.gob.pa\/crisolfm\/wp-json\/wp\/v2\/tags?post=28439"}],"curies":[{"name":"wp","href":"https:\/\/api.w.org\/{rel}","templated":true}]}}