{"id":28479,"date":"2020-05-25T14:13:28","date_gmt":"2020-05-25T14:13:28","guid":{"rendered":"https:\/\/sertv.gob.pa\/crisolfm\/?p=28479"},"modified":"2020-05-25T14:13:28","modified_gmt":"2020-05-25T14:13:28","slug":"el-santo-sepulcro-de-jerusalen-aplaza-su-reapertura","status":"publish","type":"post","link":"https:\/\/sertv.gob.pa\/crisolfm\/el-santo-sepulcro-de-jerusalen-aplaza-su-reapertura\/","title":{"rendered":"El Santo Sepulcro de Jerusal\u00e9n aplaza su reapertura"},"content":{"rendered":"<p>La bas\u00edlica del Santo Sepulcro permaneci\u00f3 cerrada este domingo a pesar del anuncio de que iba a reabrir luego de dos meses inaccesible a causa del coronavirus. Los fieles no pudieron entrar, indic\u00f3 un periodista de la AFP en el lugar.<\/p>\n<p>Responsables religiosos manifestaron que la reapertura fue aplazada, pero sin se\u00f1alar una nueva fecha, explicando las dificultades de limitar el n\u00famero de personas, en principio 50, en el templo para mantener el distanciamiento social.<\/p>\n<p>Un responsable indic\u00f3 a la AFP que 50 religiosos de varias iglesias vinieron a rezar sin dejar lugar para el p\u00fablico.<\/p>\n<p>Otro responsable explic\u00f3 que por esta raz\u00f3n se crey\u00f3 mejor esperar que se levanten las restricciones hasta que se permita entrar a 100 personas a la vez.<\/p>\n<p>La iglesia del Santo Sepulcro cerr\u00f3 el 25 de marzo, poco antes de las fiestas de Pascua, en el marco de las medidas sin precedente para frenar la epidemia de coronavirus en Israel y en los territorios palestinos.<\/p>\n<p>Oficialmente la epidemia dej\u00f3 en Israel m\u00e1s de 16.600 personas contaminadas, incluyendo 279 muertos. En la Cisjordania ocupada, las autoridades palestinas registraron oficialmente 368 enfermos y dos fallecidos.<\/p>\n<p>Seg\u00fan la tradici\u00f3n cristiana, el Santo Sepulcro es el lugar donde Jes\u00fas fue crucificado y sepultado. El lugar se halla en Jerusal\u00e9n-Este, en la Ciudad Vieja, ocupada y anexada por Israel. Cada a\u00f1o, la iglesia recibe la visita de millones de personas.<\/p>\n<p>Tras el freno de la propagaci\u00f3n del virus, las autoridades de Israel levantaron parte de las medidas de confinamiento para intentar reactivar la econom\u00eda.<\/p>\n<p>Los sitios de culto fueron autorizados a abrir de nuevo el pasado mi\u00e9rcoles, pero con un acceso limitado a 50 personas.<\/p>\n<p>&nbsp;<\/p>\n<p>Fuente:\u00a0\u00a0 AFP &#8211; Jerusal\u00e9n<\/p>\n","protected":false},"excerpt":{"rendered":"<p>La bas\u00edlica del Santo Sepulcro permaneci\u00f3 cerrada este domingo a <a href=\"https:\/\/sertv.gob.pa\/crisolfm\/el-santo-sepulcro-de-jerusalen-aplaza-su-reapertura\/\"> [&#8230;]<\/a><\/p>\n","protected":false},"author":64,"featured_media":28480,"comment_status":"closed","ping_status":"closed","sticky":false,"template":"","format":"standard","meta":{"footnotes":""},"categories":[6],"tags":[],"class_list":["post-28479","post","type-post","status-publish","format-standard","has-post-thumbnail","hentry","category-culturales"],"_links":{"self":[{"href":"https:\/\/sertv.gob.pa\/crisolfm\/wp-json\/wp\/v2\/posts\/28479","targetHints":{"allow":["GET"]}}],"collection":[{"href":"https:\/\/sertv.gob.pa\/crisolfm\/wp-json\/wp\/v2\/posts"}],"about":[{"href":"https:\/\/sertv.gob.pa\/crisolfm\/wp-json\/wp\/v2\/types\/post"}],"author":[{"embeddable":true,"href":"https:\/\/sertv.gob.pa\/crisolfm\/wp-json\/wp\/v2\/users\/64"}],"replies":[{"embeddable":true,"href":"https:\/\/sertv.gob.pa\/crisolfm\/wp-json\/wp\/v2\/comments?post=28479"}],"version-history":[{"count":1,"href":"https:\/\/sertv.gob.pa\/crisolfm\/wp-json\/wp\/v2\/posts\/28479\/revisions"}],"predecessor-version":[{"id":28481,"href":"https:\/\/sertv.gob.pa\/crisolfm\/wp-json\/wp\/v2\/posts\/28479\/revisions\/28481"}],"wp:featuredmedia":[{"embeddable":true,"href":"https:\/\/sertv.gob.pa\/crisolfm\/wp-json\/wp\/v2\/media\/28480"}],"wp:attachment":[{"href":"https:\/\/sertv.gob.pa\/crisolfm\/wp-json\/wp\/v2\/media?parent=28479"}],"wp:term":[{"taxonomy":"category","embeddable":true,"href":"https:\/\/sertv.gob.pa\/crisolfm\/wp-json\/wp\/v2\/categories?post=28479"},{"taxonomy":"post_tag","embeddable":true,"href":"https:\/\/sertv.gob.pa\/crisolfm\/wp-json\/wp\/v2\/tags?post=28479"}],"curies":[{"name":"wp","href":"https:\/\/api.w.org\/{rel}","templated":true}]}}