{"id":28495,"date":"2020-05-25T15:41:53","date_gmt":"2020-05-25T15:41:53","guid":{"rendered":"https:\/\/sertv.gob.pa\/crisolfm\/?p=28495"},"modified":"2020-05-25T15:41:53","modified_gmt":"2020-05-25T15:41:53","slug":"bob-dylan-celebra-con-nuevo-disco-sus-79-anos-que-cumple-hoy-25-de-mayo","status":"publish","type":"post","link":"https:\/\/sertv.gob.pa\/crisolfm\/bob-dylan-celebra-con-nuevo-disco-sus-79-anos-que-cumple-hoy-25-de-mayo\/","title":{"rendered":"Bob Dylan celebra con nuevo disco sus 79 a\u00f1os, que cumple hoy 25 de mayo"},"content":{"rendered":"<p><strong>Bob Dylan cumple hoy 79 a\u00f1os<\/strong>. La celebraci\u00f3n de su cumplea\u00f1os llega con un nuevo disco bajo el brazo, titulado <strong>\u00abRough and Rowdy Ways\u00bb<\/strong>, \u00e1lbum de estudio n\u00famero 39 de su carrera. Ver\u00e1 la luz el 19 de junio. El lanzamiento de este nuevo disco vino acompa\u00f1ado del adelanto de una de sus nuevas canciones el pasado 8 de mayo, titulada <strong>\u00abFalse Prophet\u00bb<\/strong>. Dylan <strong>ha vendido m\u00e1s de 125 millones de discos<\/strong> en todo el mundo.<\/p>\n<p>La presentaci\u00f3n de este nuevo disco confirma a Dylan como un m\u00fasico que, a sus casi 80 a\u00f1os, no piensa detener su creaci\u00f3n musical y esto supone una muy buena noticia, no solo para sus fans, sino para el mundo de la cultura.<\/p>\n<p>Este m\u00fasico, compositor y poeta estadounidense es una de las figuras del mundo de la cultura m\u00e1s importantes e influyentes de los \u00faltimos 50 a\u00f1os. La relevancia de las letras de sus canciones, con un fuerte car\u00e1cter reivindicativo, le hicieron recibir en el a\u00f1o 2016 el <strong>premio Nobel de Literatura \u00ab<\/strong>por haber creado nuevas expresiones po\u00e9ticas dentro de la gran tradici\u00f3n de la canci\u00f3n estadounidense\u00bb.<\/p>\n<p>En junio de 2019 Netflix estren\u00f3 un documental dirigido por <strong>Martin Scorsese<\/strong> titulado <strong>\u00abRolling Thunder Revue\u00bb<\/strong>, que sigue los pasos del m\u00fasico Bob Dylan durante la gira que tuvo lugar entre los a\u00f1os 1975 y 1976.<\/p>\n<p>&nbsp;<\/p>\n<p>Fuente:\u00a0 ABC Cultura<\/p>\n","protected":false},"excerpt":{"rendered":"<p>Bob Dylan cumple hoy 79 a\u00f1os. La celebraci\u00f3n de su <a href=\"https:\/\/sertv.gob.pa\/crisolfm\/bob-dylan-celebra-con-nuevo-disco-sus-79-anos-que-cumple-hoy-25-de-mayo\/\"> [&#8230;]<\/a><\/p>\n","protected":false},"author":64,"featured_media":28496,"comment_status":"closed","ping_status":"closed","sticky":false,"template":"","format":"standard","meta":{"footnotes":""},"categories":[6],"tags":[],"class_list":["post-28495","post","type-post","status-publish","format-standard","has-post-thumbnail","hentry","category-culturales"],"_links":{"self":[{"href":"https:\/\/sertv.gob.pa\/crisolfm\/wp-json\/wp\/v2\/posts\/28495","targetHints":{"allow":["GET"]}}],"collection":[{"href":"https:\/\/sertv.gob.pa\/crisolfm\/wp-json\/wp\/v2\/posts"}],"about":[{"href":"https:\/\/sertv.gob.pa\/crisolfm\/wp-json\/wp\/v2\/types\/post"}],"author":[{"embeddable":true,"href":"https:\/\/sertv.gob.pa\/crisolfm\/wp-json\/wp\/v2\/users\/64"}],"replies":[{"embeddable":true,"href":"https:\/\/sertv.gob.pa\/crisolfm\/wp-json\/wp\/v2\/comments?post=28495"}],"version-history":[{"count":1,"href":"https:\/\/sertv.gob.pa\/crisolfm\/wp-json\/wp\/v2\/posts\/28495\/revisions"}],"predecessor-version":[{"id":28497,"href":"https:\/\/sertv.gob.pa\/crisolfm\/wp-json\/wp\/v2\/posts\/28495\/revisions\/28497"}],"wp:featuredmedia":[{"embeddable":true,"href":"https:\/\/sertv.gob.pa\/crisolfm\/wp-json\/wp\/v2\/media\/28496"}],"wp:attachment":[{"href":"https:\/\/sertv.gob.pa\/crisolfm\/wp-json\/wp\/v2\/media?parent=28495"}],"wp:term":[{"taxonomy":"category","embeddable":true,"href":"https:\/\/sertv.gob.pa\/crisolfm\/wp-json\/wp\/v2\/categories?post=28495"},{"taxonomy":"post_tag","embeddable":true,"href":"https:\/\/sertv.gob.pa\/crisolfm\/wp-json\/wp\/v2\/tags?post=28495"}],"curies":[{"name":"wp","href":"https:\/\/api.w.org\/{rel}","templated":true}]}}