{"id":28501,"date":"2020-05-25T19:08:33","date_gmt":"2020-05-25T19:08:33","guid":{"rendered":"https:\/\/sertv.gob.pa\/crisolfm\/?p=28501"},"modified":"2020-05-25T19:08:33","modified_gmt":"2020-05-25T19:08:33","slug":"festival-de-cine-de-venecia-mantiene-sus-fechas-y-confirma-que-se-celebrara-en-el-mes-de-septiembre","status":"publish","type":"post","link":"https:\/\/sertv.gob.pa\/crisolfm\/festival-de-cine-de-venecia-mantiene-sus-fechas-y-confirma-que-se-celebrara-en-el-mes-de-septiembre\/","title":{"rendered":"Festival de Cine de Venecia mantiene sus fechas y confirma que se celebrar\u00e1 en el mes de septiembre"},"content":{"rendered":"<p>El presidente de la regi\u00f3n de V\u00e9neto (Italia), Luca Zaia, ha confirmado que la 77\u00aa edici\u00f3n del <a href=\"https:\/\/www.abc.es\/summum\/estilo\/relojes\/abci-festival-internacional-cine-venecia-joyas-mas-impresionantes-sobre-alfombra-roja-201809101058_noticia.html\" target=\"_blank\" rel=\"noopener\">Festival Internacional de Cine de Venecia <\/a><strong>se celebrar\u00e1 en septiembre<\/strong>, tal y como estaba previsto, aunque probablemente el n\u00famero de pel\u00edculas sea m\u00e1s reducido tras el par\u00f3n de rodajes por el coronavirus.<\/p>\n<p>\u00abEl Festival de Cine de Venecia tendr\u00e1 lugar en septiembre seg\u00fan lo previsto\u00bb, ha explicado Luca Zaia, tal y como recoge el diario italiano &#8216;La Repubblica&#8217;, por lo que la Mostra de Cine se llevar\u00e1 a cabo entre el 2 y 12 de septiembre.<\/p>\n<p>De este modo, el presidente de V\u00e9neto tambi\u00e9n ha aclarado que se adoptaran todas las medidas de seguridad e higiene por la pandemia y que <strong>habr\u00e1 menos producciones<\/strong> respecto a otros a\u00f1os porque el coronavirus ha obligado a parar rodajes y retrasar estrenos de pel\u00edculas. Esto tambi\u00e9n provocar\u00e1 que el n\u00famero de actores, actrices o directores de cine sea m\u00e1s reducido por las restricciones de movilidad.<\/p>\n<p>La Biennale di Venezia anunci\u00f3 el <a href=\"https:\/\/www.abc.es\/summum\/estilo\/relojes\/abci-festival-internacional-cine-venecia-joyas-mas-impresionantes-sobre-alfombra-roja-201809101058_noticia.html\" target=\"_blank\" rel=\"noopener\">aplazamiento hasta 2021 <\/a>de la edici\u00f3n de Arquitectura \u2212prevista para agosto de este a\u00f1o\u2212 y a 2022 la de Arte \u2212prevista para el a\u00f1o pr\u00f3ximo\u2212, debido a la crisis sanitaria, si bien la Mostra de Cine mantendr\u00e1 su fecha para septiembre<\/p>\n<p>Fuente:\u00a0\u00a0 ABC Cultura<\/p>\n","protected":false},"excerpt":{"rendered":"<p>El presidente de la regi\u00f3n de V\u00e9neto (Italia), Luca Zaia, <a href=\"https:\/\/sertv.gob.pa\/crisolfm\/festival-de-cine-de-venecia-mantiene-sus-fechas-y-confirma-que-se-celebrara-en-el-mes-de-septiembre\/\"> [&#8230;]<\/a><\/p>\n","protected":false},"author":64,"featured_media":28502,"comment_status":"closed","ping_status":"closed","sticky":false,"template":"","format":"standard","meta":{"footnotes":""},"categories":[6],"tags":[],"class_list":["post-28501","post","type-post","status-publish","format-standard","has-post-thumbnail","hentry","category-culturales"],"_links":{"self":[{"href":"https:\/\/sertv.gob.pa\/crisolfm\/wp-json\/wp\/v2\/posts\/28501","targetHints":{"allow":["GET"]}}],"collection":[{"href":"https:\/\/sertv.gob.pa\/crisolfm\/wp-json\/wp\/v2\/posts"}],"about":[{"href":"https:\/\/sertv.gob.pa\/crisolfm\/wp-json\/wp\/v2\/types\/post"}],"author":[{"embeddable":true,"href":"https:\/\/sertv.gob.pa\/crisolfm\/wp-json\/wp\/v2\/users\/64"}],"replies":[{"embeddable":true,"href":"https:\/\/sertv.gob.pa\/crisolfm\/wp-json\/wp\/v2\/comments?post=28501"}],"version-history":[{"count":1,"href":"https:\/\/sertv.gob.pa\/crisolfm\/wp-json\/wp\/v2\/posts\/28501\/revisions"}],"predecessor-version":[{"id":28503,"href":"https:\/\/sertv.gob.pa\/crisolfm\/wp-json\/wp\/v2\/posts\/28501\/revisions\/28503"}],"wp:featuredmedia":[{"embeddable":true,"href":"https:\/\/sertv.gob.pa\/crisolfm\/wp-json\/wp\/v2\/media\/28502"}],"wp:attachment":[{"href":"https:\/\/sertv.gob.pa\/crisolfm\/wp-json\/wp\/v2\/media?parent=28501"}],"wp:term":[{"taxonomy":"category","embeddable":true,"href":"https:\/\/sertv.gob.pa\/crisolfm\/wp-json\/wp\/v2\/categories?post=28501"},{"taxonomy":"post_tag","embeddable":true,"href":"https:\/\/sertv.gob.pa\/crisolfm\/wp-json\/wp\/v2\/tags?post=28501"}],"curies":[{"name":"wp","href":"https:\/\/api.w.org\/{rel}","templated":true}]}}