{"id":28522,"date":"2020-05-26T14:00:01","date_gmt":"2020-05-26T14:00:01","guid":{"rendered":"https:\/\/sertv.gob.pa\/crisolfm\/?p=28522"},"modified":"2020-05-26T14:00:01","modified_gmt":"2020-05-26T14:00:01","slug":"pandemia-y-cuarentena-nombres-de-2-pumas-nacidos-en-zoo-de-mexico","status":"publish","type":"post","link":"https:\/\/sertv.gob.pa\/crisolfm\/pandemia-y-cuarentena-nombres-de-2-pumas-nacidos-en-zoo-de-mexico\/","title":{"rendered":"Pandemia y Cuarentena, nombres de 2 pumas nacidos en zoo de M\u00e9xico"},"content":{"rendered":"<p>Dos cr\u00edas de puma americano, una especie en riesgo de extinci\u00f3n, son los nuevos habitantes de un zool\u00f3gico del este de M\u00e9xico donde se les bautiz\u00f3 acorde a los tiempos: Pandemia, la hembra, y Cuarentena, el macho.<\/p>\n<p>Estos cachorros de pelaje manchado nacieron el pasado 20 de marzo, cinco d\u00edas despu\u00e9s de que el tigre Covid viera tambi\u00e9n la luz en ese recinto de la ciudad de C\u00f3rdoba, en el estado de Veracruz.<\/p>\n<p>Con sus nombres se busca \u00abcrear conciencia en todo el planeta de que tenemos que ser m\u00e1s responsables y unidos como sociedad ante las crisis\u00bb, dijo a la AFP Gonzalo Rodr\u00edguez, representante legal del Africa Bio Zoo.<\/p>\n<p>Seg\u00fan el experto, Pandemia y Cuarentena vienen a incrementar los inventarios a nivel mundial de ejemplares de puma americano con color cougar, considerado extinto en varios pa\u00edses, incluido Estados Unidos.<\/p>\n<p>La especie est\u00e1 protegida por normas de la Secretar\u00eda del Medio Ambiente y Recursos Naturales de M\u00e9xico y verificada en peligro de extinci\u00f3n por la Procuradur\u00eda Federal de Protecci\u00f3n al Ambiente.<\/p>\n<p>Pandemia y Cuarentena son por estos d\u00edas los consentidos del zool\u00f3gico, donde juguetean entre los \u00e1rboles. Con sus garras, que ya insin\u00faan el enorme tama\u00f1o que alcanzar\u00e1n, intentan coger el biber\u00f3n con el que los alimentan en brazos.<\/p>\n<p>De acuerdo con Rodr\u00edguez, durante sus primeros meses de vida los pumas americanos con color poseen manchas redondas en el pelaje, que se borran paulatinamente.<\/p>\n<p>La pareja de felinos pertenece a una familia de pumas rescatados de un circo, luego de que en 2015 se aprobara en M\u00e9xico una ley que proh\u00edbe los animales en espect\u00e1culos.<\/p>\n<p>\u00abNacieron en una reproducci\u00f3n natural durante el aislamiento social por la COVID-19\u00bb, explica Kitzia Rodr\u00edguez, veterinaria en el zool\u00f3gico de su familia.<\/p>\n<p>A su juicio, la gestaci\u00f3n fue posible, en parte, gracias a que el confinamiento impuesto por la crisis del nuevo coronavirus contribuy\u00f3 a bajar los \u00edndices de estr\u00e9s y contaminaci\u00f3n.<\/p>\n<p>\u00abCasi no ven\u00edan personas (al zool\u00f3gico), entonces el estr\u00e9s que les causa la presencia de otros, puede llegar a afectar un poco, pero esta vez no sucedi\u00f3\u00bb, explic\u00f3 la veterinaria.<\/p>\n<p>&nbsp;<\/p>\n<p>Fuente:\u00a0\u00a0 AFP<\/p>\n","protected":false},"excerpt":{"rendered":"<p>Dos cr\u00edas de puma americano, una especie en riesgo de <a href=\"https:\/\/sertv.gob.pa\/crisolfm\/pandemia-y-cuarentena-nombres-de-2-pumas-nacidos-en-zoo-de-mexico\/\"> [&#8230;]<\/a><\/p>\n","protected":false},"author":64,"featured_media":28523,"comment_status":"closed","ping_status":"closed","sticky":false,"template":"","format":"standard","meta":{"footnotes":""},"categories":[7],"tags":[],"class_list":["post-28522","post","type-post","status-publish","format-standard","has-post-thumbnail","hentry","category-ecologicas"],"_links":{"self":[{"href":"https:\/\/sertv.gob.pa\/crisolfm\/wp-json\/wp\/v2\/posts\/28522","targetHints":{"allow":["GET"]}}],"collection":[{"href":"https:\/\/sertv.gob.pa\/crisolfm\/wp-json\/wp\/v2\/posts"}],"about":[{"href":"https:\/\/sertv.gob.pa\/crisolfm\/wp-json\/wp\/v2\/types\/post"}],"author":[{"embeddable":true,"href":"https:\/\/sertv.gob.pa\/crisolfm\/wp-json\/wp\/v2\/users\/64"}],"replies":[{"embeddable":true,"href":"https:\/\/sertv.gob.pa\/crisolfm\/wp-json\/wp\/v2\/comments?post=28522"}],"version-history":[{"count":1,"href":"https:\/\/sertv.gob.pa\/crisolfm\/wp-json\/wp\/v2\/posts\/28522\/revisions"}],"predecessor-version":[{"id":28524,"href":"https:\/\/sertv.gob.pa\/crisolfm\/wp-json\/wp\/v2\/posts\/28522\/revisions\/28524"}],"wp:featuredmedia":[{"embeddable":true,"href":"https:\/\/sertv.gob.pa\/crisolfm\/wp-json\/wp\/v2\/media\/28523"}],"wp:attachment":[{"href":"https:\/\/sertv.gob.pa\/crisolfm\/wp-json\/wp\/v2\/media?parent=28522"}],"wp:term":[{"taxonomy":"category","embeddable":true,"href":"https:\/\/sertv.gob.pa\/crisolfm\/wp-json\/wp\/v2\/categories?post=28522"},{"taxonomy":"post_tag","embeddable":true,"href":"https:\/\/sertv.gob.pa\/crisolfm\/wp-json\/wp\/v2\/tags?post=28522"}],"curies":[{"name":"wp","href":"https:\/\/api.w.org\/{rel}","templated":true}]}}