{"id":28528,"date":"2020-05-26T14:40:40","date_gmt":"2020-05-26T14:40:40","guid":{"rendered":"https:\/\/sertv.gob.pa\/crisolfm\/?p=28528"},"modified":"2020-05-26T14:40:40","modified_gmt":"2020-05-26T14:40:40","slug":"miambiente-generara-propuestas-desde-diferentes-sectores-para-aplicar-a-la-reactivacion-economica","status":"publish","type":"post","link":"https:\/\/sertv.gob.pa\/crisolfm\/miambiente-generara-propuestas-desde-diferentes-sectores-para-aplicar-a-la-reactivacion-economica\/","title":{"rendered":"MiAmbiente generar\u00e1 propuestas desde diferentes sectores para aplicar a la reactivaci\u00f3n econ\u00f3mica"},"content":{"rendered":"<p>Este 25 de mayo, el Ministerio de Ambiente efectu\u00f3 la sesi\u00f3n inicial de la Mesa Consultiva para la Gesti\u00f3n Ambiental Post Covid-19: la Nueva Normalidad, con la participaci\u00f3n de organismos internacionales, gobiernos locales, sector industrial, ONG y academia, y a la que accedieron\u00a0unas 5 mil personas,\u00a0a trav\u00e9s de las distintas redes sociales de esta instituci\u00f3n.<\/p>\n<p>Milciades Concepci\u00f3n, ministro de Ambiente agradeci\u00f3 la participaci\u00f3n de los expositores y al p\u00fablico en general, valorando como muy productivo este espacio que le permitir\u00e1 al Ministerio de Ambiente aportar al Gobierno Nacional propuestas con enfoques que valoren el\u00a0ambiente, para su incorporaci\u00f3n a la recuperaci\u00f3n econ\u00f3mica del pa\u00eds con miras a la Nueva Normalidad.<\/p>\n<p>\u201cEl Ministerio de Ambiente no va a permitir que en medio de esta pandemia los temas ambientales queden rezagados. Creemos que esta es una oportunidad para hacer una verdadera gesti\u00f3n ambiental\u201d, manifest\u00f3 Concepci\u00f3n.<\/p>\n<p>La coordinaci\u00f3n de la Mesa estar\u00e1 a cargo de Jair Urriola, secretario general del Ministerio, junto a Luisa Arauz, asesora del Despacho Superior de MiAmbiente, quienes destacaron que se espera que los participantes presenten propuestas c\u00f3nsonas con la realidad econ\u00f3mica, social y ambiental del pa\u00eds, y que las mismas sean viables para desarrollarlas a corto y mediano plazo.<\/p>\n<p>Luisa Arauz, indic\u00f3 que la Mesa se desarrollar\u00e1 del 25 de mayo al 30 de junio, para luego elaborar el documento final que ser\u00e1 entregado a la Presidencia de la Rep\u00fablica.<\/p>\n<p>Agreg\u00f3 que la misma estar\u00e1 fundamentada en seis ejes: financiamiento ambiental y fuentes econ\u00f3micas, cambio clim\u00e1tico, gobernanza ambiental, suelos y diversidad, seguridad h\u00eddrica y oc\u00e9anos, y educaci\u00f3n y cultura ambiental. Para cada uno de estos temas se realizar\u00e1n reuniones virtuales individuales en las siguientes fechas:<\/p>\n<p>5 de junio, 10:00 a.m.: Reuni\u00f3n tem\u00e1tica virtual sobre Financiamiento Ambiental.<\/p>\n<p>8 de junio, 10:00 a.m.: Reuni\u00f3n tem\u00e1tica virtual sobre Cambio Clim\u00e1tico.<\/p>\n<p>8 de junio, 2:00 p.m.: Reuni\u00f3n tem\u00e1tica virtual sobre Gobernanza Ambiental.<\/p>\n<p>10 de junio, 10:00 a.m.: Reuni\u00f3n tem\u00e1tica virtual sobre Suelos, Biodiversidad y Forestal.<\/p>\n<p>10 de junio, 2:00 p.m.: Reuni\u00f3n tem\u00e1tica virtual sobre Seguridad H\u00eddrica y Oc\u00e9anos.<\/p>\n<p>12 de junio, 10:00 a.m.: Reuni\u00f3n tem\u00e1tica virtual sobre Educaci\u00f3n y Cultura Ambiental.<\/p>\n<p>En este sentido, Urriola hizo \u00e9nfasis que para acceder a estas reuniones tem\u00e1ticas solo ser\u00e1 necesario ingresar al link: <a href=\"https:\/\/bit.ly\/MesaConsultivaAmbiental\" target=\"_blank\" rel=\"noopener\">https:\/\/bit.ly\/MesaConsultivaAmbiental<\/a>, o seguir las redes sociales del Ministerio de Ambiente. Indicando, adem\u00e1s, que toda persona o grupo interesado puede remitir aportes por escrito a la Mesa Consultiva hasta el 19 de junio de 2020, al correo: mesaconsultiva@miambiente.gob.pa<\/p>\n<p>&nbsp;<\/p>\n<p>Fuente:\u00a0 MiAmbiente<\/p>\n","protected":false},"excerpt":{"rendered":"<p>Este 25 de mayo, el Ministerio de Ambiente efectu\u00f3 la <a href=\"https:\/\/sertv.gob.pa\/crisolfm\/miambiente-generara-propuestas-desde-diferentes-sectores-para-aplicar-a-la-reactivacion-economica\/\"> [&#8230;]<\/a><\/p>\n","protected":false},"author":64,"featured_media":28529,"comment_status":"closed","ping_status":"closed","sticky":false,"template":"","format":"standard","meta":{"footnotes":""},"categories":[7],"tags":[],"class_list":["post-28528","post","type-post","status-publish","format-standard","has-post-thumbnail","hentry","category-ecologicas"],"_links":{"self":[{"href":"https:\/\/sertv.gob.pa\/crisolfm\/wp-json\/wp\/v2\/posts\/28528","targetHints":{"allow":["GET"]}}],"collection":[{"href":"https:\/\/sertv.gob.pa\/crisolfm\/wp-json\/wp\/v2\/posts"}],"about":[{"href":"https:\/\/sertv.gob.pa\/crisolfm\/wp-json\/wp\/v2\/types\/post"}],"author":[{"embeddable":true,"href":"https:\/\/sertv.gob.pa\/crisolfm\/wp-json\/wp\/v2\/users\/64"}],"replies":[{"embeddable":true,"href":"https:\/\/sertv.gob.pa\/crisolfm\/wp-json\/wp\/v2\/comments?post=28528"}],"version-history":[{"count":1,"href":"https:\/\/sertv.gob.pa\/crisolfm\/wp-json\/wp\/v2\/posts\/28528\/revisions"}],"predecessor-version":[{"id":28530,"href":"https:\/\/sertv.gob.pa\/crisolfm\/wp-json\/wp\/v2\/posts\/28528\/revisions\/28530"}],"wp:featuredmedia":[{"embeddable":true,"href":"https:\/\/sertv.gob.pa\/crisolfm\/wp-json\/wp\/v2\/media\/28529"}],"wp:attachment":[{"href":"https:\/\/sertv.gob.pa\/crisolfm\/wp-json\/wp\/v2\/media?parent=28528"}],"wp:term":[{"taxonomy":"category","embeddable":true,"href":"https:\/\/sertv.gob.pa\/crisolfm\/wp-json\/wp\/v2\/categories?post=28528"},{"taxonomy":"post_tag","embeddable":true,"href":"https:\/\/sertv.gob.pa\/crisolfm\/wp-json\/wp\/v2\/tags?post=28528"}],"curies":[{"name":"wp","href":"https:\/\/api.w.org\/{rel}","templated":true}]}}