{"id":28534,"date":"2020-05-26T15:47:46","date_gmt":"2020-05-26T15:47:46","guid":{"rendered":"https:\/\/sertv.gob.pa\/crisolfm\/?p=28534"},"modified":"2020-05-26T15:47:46","modified_gmt":"2020-05-26T15:47:46","slug":"costa-rica-se-convierte-en-el-primer-pais-centroamericano-en-aceptar-el-matrimonio-igualitario","status":"publish","type":"post","link":"https:\/\/sertv.gob.pa\/crisolfm\/costa-rica-se-convierte-en-el-primer-pais-centroamericano-en-aceptar-el-matrimonio-igualitario\/","title":{"rendered":"Costa Rica se convierte en el primer pa\u00eds centroamericano en aceptar el matrimonio igualitario"},"content":{"rendered":"<p>Dos mujeres contrajeron matrimonio la madrugada de este martes en Costa Rica, que se convirti\u00f3 en el primer pa\u00eds centroamericano en aceptar el casamiento igualitario, aunque la fecha no tuvo los festejos esperados por la pandemia del covid-19.<\/p>\n<p>La entrada en vigencia fue recibida con una transmisi\u00f3n en la televisi\u00f3n p\u00fablica y redes sociales que repas\u00f3 la historia de la lucha por los derechos de la poblaci\u00f3n sexualmente diversa.<\/p>\n<p>Instantes despu\u00e9s de que entrara en vigor, Dunia Araya y Alexandra Quiros se convirtieron en la primera pareja del mismo sexo en contraer matrimonio en Costa Rica.<\/p>\n<p>Vestidas de blanco, las dos j\u00f3venes se casaron en la localidad de San Isidro de Heredia, 14 km al noroeste de San Jos\u00e9, ante una notaria protegida con cubrebocas, como parte de las medidas para evitar el covid-19.<\/p>\n<p>Costa Rica es el octavo pa\u00eds del continente americano en aceptar el matrimonio igualitario, el primero en Centroam\u00e9rica y el 29\u00ba en el mundo.<\/p>\n<p>\u00abEste cambio provocar\u00e1 una transformaci\u00f3n social y cultural significativa que permitir\u00e1 a miles de personas casarse ante un abogado\u00bb, coment\u00f3 el presidente Carlos Alvarado en la transmisi\u00f3n.<\/p>\n<p>La aceptaci\u00f3n de estos matrimonios fue el resultado de un fallo de la sala constitucional de la Corte Suprema de Justicia de 2018, que declar\u00f3 inconstitucional una disposici\u00f3n del C\u00f3digo de Familia que prohib\u00eda los matrimonios entre personas del mismo sexo.<\/p>\n<p>En el fallo, la sala constitucional dio a la Asamblea Legislativa (parlamento) un plazo de 18 meses para legislar al respecto y, en caso de no hacerlo, la disposici\u00f3n ser\u00eda anulada el 26 de mayo, como ocurri\u00f3.<\/p>\n<p>La decisi\u00f3n de la sala constitucional se dio en respuesta a una opini\u00f3n consultiva de la Corte Interamericana de Derechos Humanos, que en enero de 2018 determin\u00f3 que las parejas homosexuales tienen los mismos derechos matrimoniales que las heterosexuales.<\/p>\n<p>En la transmisi\u00f3n, organizada por la campa\u00f1a S\u00ed Acepto Costa Rica, se presentaron decenas de saludos de personalidades internacionales, como la cantante espa\u00f1ola M\u00f3nica Naranjo, quien adelant\u00f3 que el cambio legal \u00abocasionar\u00e1 que otros pa\u00edses del continente lo sigan\u00bb.<\/p>\n<p>&nbsp;<\/p>\n<p>&nbsp;<\/p>\n<p>Fuente:\u00a0 AFP<\/p>\n<p>&nbsp;<\/p>\n","protected":false},"excerpt":{"rendered":"<p>Dos mujeres contrajeron matrimonio la madrugada de este martes en <a href=\"https:\/\/sertv.gob.pa\/crisolfm\/costa-rica-se-convierte-en-el-primer-pais-centroamericano-en-aceptar-el-matrimonio-igualitario\/\"> [&#8230;]<\/a><\/p>\n","protected":false},"author":64,"featured_media":28535,"comment_status":"closed","ping_status":"closed","sticky":false,"template":"","format":"standard","meta":{"footnotes":""},"categories":[6],"tags":[],"class_list":["post-28534","post","type-post","status-publish","format-standard","has-post-thumbnail","hentry","category-culturales"],"_links":{"self":[{"href":"https:\/\/sertv.gob.pa\/crisolfm\/wp-json\/wp\/v2\/posts\/28534","targetHints":{"allow":["GET"]}}],"collection":[{"href":"https:\/\/sertv.gob.pa\/crisolfm\/wp-json\/wp\/v2\/posts"}],"about":[{"href":"https:\/\/sertv.gob.pa\/crisolfm\/wp-json\/wp\/v2\/types\/post"}],"author":[{"embeddable":true,"href":"https:\/\/sertv.gob.pa\/crisolfm\/wp-json\/wp\/v2\/users\/64"}],"replies":[{"embeddable":true,"href":"https:\/\/sertv.gob.pa\/crisolfm\/wp-json\/wp\/v2\/comments?post=28534"}],"version-history":[{"count":1,"href":"https:\/\/sertv.gob.pa\/crisolfm\/wp-json\/wp\/v2\/posts\/28534\/revisions"}],"predecessor-version":[{"id":28536,"href":"https:\/\/sertv.gob.pa\/crisolfm\/wp-json\/wp\/v2\/posts\/28534\/revisions\/28536"}],"wp:featuredmedia":[{"embeddable":true,"href":"https:\/\/sertv.gob.pa\/crisolfm\/wp-json\/wp\/v2\/media\/28535"}],"wp:attachment":[{"href":"https:\/\/sertv.gob.pa\/crisolfm\/wp-json\/wp\/v2\/media?parent=28534"}],"wp:term":[{"taxonomy":"category","embeddable":true,"href":"https:\/\/sertv.gob.pa\/crisolfm\/wp-json\/wp\/v2\/categories?post=28534"},{"taxonomy":"post_tag","embeddable":true,"href":"https:\/\/sertv.gob.pa\/crisolfm\/wp-json\/wp\/v2\/tags?post=28534"}],"curies":[{"name":"wp","href":"https:\/\/api.w.org\/{rel}","templated":true}]}}