{"id":28538,"date":"2020-05-26T15:55:14","date_gmt":"2020-05-26T15:55:14","guid":{"rendered":"https:\/\/sertv.gob.pa\/crisolfm\/?p=28538"},"modified":"2020-05-26T17:40:56","modified_gmt":"2020-05-26T17:40:56","slug":"muere-a-los-96-anos-el-historiador-miguel-artola","status":"publish","type":"post","link":"https:\/\/sertv.gob.pa\/crisolfm\/muere-a-los-96-anos-el-historiador-miguel-artola\/","title":{"rendered":"Muere a los 96 a\u00f1os el prestigioso historiador espa\u00f1ol Miguel Artola"},"content":{"rendered":"<p>El prestigioso historiador <strong>Miguel Artola Gallego <\/strong>ha fallecido a los 96 a\u00f1os, seg\u00fan ha comunicado la Real Academia de la Historia, de la que era miembro desde 1981.<\/p>\n<p>Historiador y acad\u00e9mico, Artola naci\u00f3 en San Sebasti\u00e1n, Guip\u00fazcoa, Espa\u00f1a, el 12 de julio de 1923. Casado y con cuatro hijos, era doctor en Filosof\u00eda y Letras por la Universidad Complutense de Madrid. Fue catedr\u00e1tico de Historia de Espa\u00f1a en la Universidad de Salamanca y en la Aut\u00f3noma de Madrid. Adem\u00e1s, fue secretario del Departamento de Historia de la Fundaci\u00f3n Juan March y miembro de la Comisi\u00f3n Asesora de esta instituci\u00f3n, entre 1977 y 1978. Tambi\u00e9n colabor\u00f3 con el Consejo Superior de Investigaciones Cient\u00edficas (CSIC).<\/p>\n<p>Miguel Artola es autor de numerosos estudios de historia pol\u00edtica, entre los que destacan \u00abLos afrancesados\u00bb (1953 y 1976), \u00abLos or\u00edgenes de la Espa\u00f1a contempor\u00e1nea\u00bb (1959), \u00abTextos fundamentales para la Historia\u00bb (1968), \u00abLa Espa\u00f1a de Fernando VII\u00bb (volumen XXVI de la Historia de Espa\u00f1a de Ram\u00f3n Men\u00e9ndez Pidal, 1968), \u00abLa burgues\u00eda revolucionaria 1808-1874\u00bb (1973) y \u00abPartidos y programas pol\u00edticos\u00bb (1974).<\/p>\n<p>La historia econ\u00f3mica, el desarrollo de la revoluci\u00f3n industrial en la pen\u00ednsula y el tr\u00e1nsito del Antiguo R\u00e9gimen a la sociedad burguesa fueron asimismo objeto de su labor cient\u00edfica, con la publicaci\u00f3n de obras como \u00abEl latifundio\u00bb (1978), \u00abLos ferrocarriles en Espa\u00f1a 1844-1943\u00bb (1978), \u00abLa Hacienda del Antiguo R\u00e9gimen\u00bb (1982) y \u00abLa Hacienda del siglo XIX\u00bb (1986). Dedic\u00f3 adem\u00e1s diversos estudios a la historia del Pa\u00eds Vasco, como \u00abMemorias de Espoz y Mina\u00bb (1962), sobre el militar navarro Francisco Espoz y Mina, o \u00abEl Fuero de Vizcaya\u00bb (1963), y edit\u00f3 las obras de Gaspar Melchor de Jovellanos.<\/p>\n<p>En 1991 recibi\u00f3 el <strong>Premio Pr\u00edncipe de Asturias de Ciencias Sociales<\/strong> por su \u00abvocaci\u00f3n ejemplar de investigaci\u00f3n hist\u00f3rica y docencia sobre cuestiones y episodios de importancia b\u00e1sica en la gestaci\u00f3n de la Espa\u00f1a contempor\u00e1nea\u00bb. Al a\u00f1o siguiente gan\u00f3 el <strong>Premio Nacional de Historia <\/strong>por su obra \u00abEnciclopedia de historia de Espa\u00f1a\u00bb.<\/p>\n<p>&nbsp;<\/p>\n<p>&nbsp;<\/p>\n<p>Fuente:\u00a0\u00a0 ABC Cultura<\/p>\n","protected":false},"excerpt":{"rendered":"<p>El prestigioso historiador Miguel Artola Gallego ha fallecido a los <a href=\"https:\/\/sertv.gob.pa\/crisolfm\/muere-a-los-96-anos-el-historiador-miguel-artola\/\"> [&#8230;]<\/a><\/p>\n","protected":false},"author":64,"featured_media":28539,"comment_status":"closed","ping_status":"closed","sticky":false,"template":"","format":"standard","meta":{"footnotes":""},"categories":[6],"tags":[],"class_list":["post-28538","post","type-post","status-publish","format-standard","has-post-thumbnail","hentry","category-culturales"],"_links":{"self":[{"href":"https:\/\/sertv.gob.pa\/crisolfm\/wp-json\/wp\/v2\/posts\/28538","targetHints":{"allow":["GET"]}}],"collection":[{"href":"https:\/\/sertv.gob.pa\/crisolfm\/wp-json\/wp\/v2\/posts"}],"about":[{"href":"https:\/\/sertv.gob.pa\/crisolfm\/wp-json\/wp\/v2\/types\/post"}],"author":[{"embeddable":true,"href":"https:\/\/sertv.gob.pa\/crisolfm\/wp-json\/wp\/v2\/users\/64"}],"replies":[{"embeddable":true,"href":"https:\/\/sertv.gob.pa\/crisolfm\/wp-json\/wp\/v2\/comments?post=28538"}],"version-history":[{"count":2,"href":"https:\/\/sertv.gob.pa\/crisolfm\/wp-json\/wp\/v2\/posts\/28538\/revisions"}],"predecessor-version":[{"id":28547,"href":"https:\/\/sertv.gob.pa\/crisolfm\/wp-json\/wp\/v2\/posts\/28538\/revisions\/28547"}],"wp:featuredmedia":[{"embeddable":true,"href":"https:\/\/sertv.gob.pa\/crisolfm\/wp-json\/wp\/v2\/media\/28539"}],"wp:attachment":[{"href":"https:\/\/sertv.gob.pa\/crisolfm\/wp-json\/wp\/v2\/media?parent=28538"}],"wp:term":[{"taxonomy":"category","embeddable":true,"href":"https:\/\/sertv.gob.pa\/crisolfm\/wp-json\/wp\/v2\/categories?post=28538"},{"taxonomy":"post_tag","embeddable":true,"href":"https:\/\/sertv.gob.pa\/crisolfm\/wp-json\/wp\/v2\/tags?post=28538"}],"curies":[{"name":"wp","href":"https:\/\/api.w.org\/{rel}","templated":true}]}}