{"id":28544,"date":"2020-05-26T17:36:35","date_gmt":"2020-05-26T17:36:35","guid":{"rendered":"https:\/\/sertv.gob.pa\/crisolfm\/?p=28544"},"modified":"2020-05-26T17:36:35","modified_gmt":"2020-05-26T17:36:35","slug":"viena-inaugura-un-nuevo-museo-en-plena-pandemia","status":"publish","type":"post","link":"https:\/\/sertv.gob.pa\/crisolfm\/viena-inaugura-un-nuevo-museo-en-plena-pandemia\/","title":{"rendered":"Viena inaugura un nuevo museo en plena pandemia"},"content":{"rendered":"<p>Mientras la mayor\u00eda de los museos del mundo mantienen sus puertas cerradas (algunos de los m\u00e1s conocidos, como <strong>el MET neoyorquino<\/strong>, no abrir\u00e1, como pronto, hasta mediados de agosto), se enfrentan a una grav\u00edsima crisis econ\u00f3mica, con <strong>d\u00e9ficits millonarios <\/strong>en muchos casos; hay <strong>despidos<\/strong> de buena parte de sus plantillas, repiensan el modelo muse\u00edstico del futuro e incluso mantienen pr\u00e9stamos de otras instituciones que no pueden devolver, a la espera de que se abran las fronteras internacionales, <strong>Viena inaugura un nuevo museo: la Albertina Modern<\/strong>, que abre sus puertas ma\u00f1ana mi\u00e9rcoles.<\/p>\n<p>Recordemos que hay museos que ten\u00edan previsto abrir este a\u00f1o (es el caso del <strong>Gran Museo Egipcio de El Cairo<\/strong>), y lo han aplazado hasta 2021. En oto\u00f1o est\u00e1 previsto que se inaugure el Museo Munch de Oslo, obra del arquitecto espa\u00f1ol Juan Herreros, y cuya apertura ya se hab\u00eda retrasado unos meses.<\/p>\n<p>La Albertina Modern es una <strong>nueva sede de la Galer\u00eda Albertina<\/strong>, uno de los museos m\u00e1s importantes de la capital austriaca. Cuenta con una colecci\u00f3n de <strong>m\u00e1s de 60.000 obras (dibujos, acuarelas, grabados y fotograf\u00edas) de 5.000 artistas<\/strong>. Y nace con la vocaci\u00f3n de convertirse en uno de los grandes museos de arte contempor\u00e1neo del mundo. Se inaugura con la exposici\u00f3n \u00abEl inicio. El arte en Viena de 1945 a 1980\u00bb, un paseo por el arte austr\u00edaco por esas tres d\u00e9cadas.<\/p>\n<p>&nbsp;<\/p>\n<p>&nbsp;<\/p>\n<p>Fuente:\u00a0\u00a0 ABC Cultura<\/p>\n","protected":false},"excerpt":{"rendered":"<p>Mientras la mayor\u00eda de los museos del mundo mantienen sus <a href=\"https:\/\/sertv.gob.pa\/crisolfm\/viena-inaugura-un-nuevo-museo-en-plena-pandemia\/\"> [&#8230;]<\/a><\/p>\n","protected":false},"author":64,"featured_media":28545,"comment_status":"closed","ping_status":"closed","sticky":false,"template":"","format":"standard","meta":{"footnotes":""},"categories":[6],"tags":[],"class_list":["post-28544","post","type-post","status-publish","format-standard","has-post-thumbnail","hentry","category-culturales"],"_links":{"self":[{"href":"https:\/\/sertv.gob.pa\/crisolfm\/wp-json\/wp\/v2\/posts\/28544","targetHints":{"allow":["GET"]}}],"collection":[{"href":"https:\/\/sertv.gob.pa\/crisolfm\/wp-json\/wp\/v2\/posts"}],"about":[{"href":"https:\/\/sertv.gob.pa\/crisolfm\/wp-json\/wp\/v2\/types\/post"}],"author":[{"embeddable":true,"href":"https:\/\/sertv.gob.pa\/crisolfm\/wp-json\/wp\/v2\/users\/64"}],"replies":[{"embeddable":true,"href":"https:\/\/sertv.gob.pa\/crisolfm\/wp-json\/wp\/v2\/comments?post=28544"}],"version-history":[{"count":1,"href":"https:\/\/sertv.gob.pa\/crisolfm\/wp-json\/wp\/v2\/posts\/28544\/revisions"}],"predecessor-version":[{"id":28546,"href":"https:\/\/sertv.gob.pa\/crisolfm\/wp-json\/wp\/v2\/posts\/28544\/revisions\/28546"}],"wp:featuredmedia":[{"embeddable":true,"href":"https:\/\/sertv.gob.pa\/crisolfm\/wp-json\/wp\/v2\/media\/28545"}],"wp:attachment":[{"href":"https:\/\/sertv.gob.pa\/crisolfm\/wp-json\/wp\/v2\/media?parent=28544"}],"wp:term":[{"taxonomy":"category","embeddable":true,"href":"https:\/\/sertv.gob.pa\/crisolfm\/wp-json\/wp\/v2\/categories?post=28544"},{"taxonomy":"post_tag","embeddable":true,"href":"https:\/\/sertv.gob.pa\/crisolfm\/wp-json\/wp\/v2\/tags?post=28544"}],"curies":[{"name":"wp","href":"https:\/\/api.w.org\/{rel}","templated":true}]}}