{"id":28571,"date":"2020-05-27T14:02:24","date_gmt":"2020-05-27T14:02:24","guid":{"rendered":"https:\/\/sertv.gob.pa\/crisolfm\/?p=28571"},"modified":"2020-05-27T14:02:24","modified_gmt":"2020-05-27T14:02:24","slug":"carmen-mola-el-fenomeno-literario-que-vuelve-con-misterio-y-tremendismo","status":"publish","type":"post","link":"https:\/\/sertv.gob.pa\/crisolfm\/carmen-mola-el-fenomeno-literario-que-vuelve-con-misterio-y-tremendismo\/","title":{"rendered":"Carmen Mola, el fen\u00f3meno literario que vuelve con misterio y tremendismo"},"content":{"rendered":"<p>En una Espa\u00f1a adicta a la novela negra, Carmen Mola regresa a las librer\u00edas con \u00abLa Nena\u00bb, un nuevo c\u00f3ctel de intriga y sangre bajo un pseud\u00f3nimo del que dice alegrarse \u00abcada d\u00eda que pasa\u00bb.<\/p>\n<p>De Carmen Mola, el nombre ficticio con el que ha firmado sus tres novelas, publicadas por Alfaguara, se sabe apenas que naci\u00f3 en Madrid en 1973 y vive en la capital espa\u00f1ola con su marido y sus tres hijos.<\/p>\n<p>La cr\u00edtica la conoce por ello como &#8216;la Elena Ferrante espa\u00f1ola&#8217;, en alusi\u00f3n a la exitosa autora italiana que tambi\u00e9n prefiere ocultar su identidad.<\/p>\n<p>\u00abNo me interesa el postureo, la fama, el ser reconocida (&#8230;) Al contrario, me alegro de la decisi\u00f3n de permanecer en el anonimato cada d\u00eda que pasa\u00bb, cuenta a AFP en una entrevista efectuada mediante cuestionario, enviado y recibido por correo electr\u00f3nico a trav\u00e9s de su editorial.<\/p>\n<p>Su alter ego es la inspectora Elena Blanco, de la Brigada de An\u00e1lisis de Casos (BAC), protagonista de \u00abLa novia gitana\u00bb (2018) y \u00abLa red p\u00farpura\u00bb (2019).<\/p>\n<p>Dos entregas que vendieron en total 150.000 ejemplares, fueron traducidas a 11 idiomas y dar\u00e1n pie a una serie televisiva que, con permiso del coronavirus, se espera sea rodada este verano y estrenada en 2021, apunta su agencia, Hanska Literary &amp; Film Agency.<\/p>\n<p>Si en \u00abLa novia gitana\u00bb Elena Blanco investigaba sendos feminicidios y en \u00abLa Red p\u00farpura\u00bb a una organizaci\u00f3n dedicada a difundir por internet im\u00e1genes de torturas espeluznantes, ahora le toca indagar en la desaparici\u00f3n de su compa\u00f1era la subinspectora Chesca Olmo, tras una noche de fiesta con un desconocido.<\/p>\n<p>A caballo entre la capital y el campo, \u00abLa Nena\u00bb, redactada con un lenguaje directo y sin florituras, incorpora numerosas escenas en zonas rurales dominadas por hombres bestializados.<\/p>\n<p>Un ambiente de tremendismo, aderezado de relaciones familiares tormentosas, que entronca con \u00abLa familia de Pascual Duarte\u00bb, la novela con la que Camilo Jos\u00e9 Cela inaugur\u00f3 esta corriente en 1942.<\/p>\n<p>\u00abNo pretendo escandalizar, pero s\u00ed dar lo que busco como lectora, que en algunos momentos la trama me resulte impactante, hasta que me produzca una ligera sensaci\u00f3n de terror\u00bb, explica la autora.<\/p>\n<p>Por momentos, la historia se ve sobrevolada por el medi\u00e1tico caso de &#8216;La Manada&#8217;, la violaci\u00f3n grupal de una chica de 18 a\u00f1os que en 2016 escandaliz\u00f3 a Espa\u00f1a.<\/p>\n<p>Carmen Mola explica que el detonante no fue este caso, sino \u00abun programa que vi en el que se denunciaba el estado de algunas explotaciones ganaderas y el trato que se daba a los animales\u00bb.<\/p>\n<p>\u00abPens\u00e9 que hab\u00eda que ser muy inhumano para vivir en medio de ese horror\u00bb, dice.<\/p>\n<p>En cuanto al futuro, espera trabajar en una cuarta entrega protagonizada por Elena Blanco, investigando tal vez en medio de \u00abesto que los pol\u00edticos llaman ahora nueva normalidad\u00bb, el mundo post covid-19.<\/p>\n<p>\u00abLa Nena\u00bb, en venta en Espa\u00f1a desde este jueves, alimenta las novedades de un g\u00e9nero negro en el que el sector conf\u00eda para remontar el derrumbe de ventas inducido por el coronavirus, y que seg\u00fan su editorial ha sido \u00ablo m\u00e1s le\u00eddo y lo m\u00e1s demandado por los lectores\u00bb durante el confinamiento.<\/p>\n<p>Su obra es representativa de un g\u00e9nero renovado, en el que abundan las autoras y personajes femeninos, y los problemas actuales como la crisis econ\u00f3mica, la precariedad, la exclusi\u00f3n social o los feminicidios.<\/p>\n<p>&nbsp;<\/p>\n<p>Fuente:\u00a0\u00a0 AFP<\/p>\n","protected":false},"excerpt":{"rendered":"<p>En una Espa\u00f1a adicta a la novela negra, Carmen Mola <a href=\"https:\/\/sertv.gob.pa\/crisolfm\/carmen-mola-el-fenomeno-literario-que-vuelve-con-misterio-y-tremendismo\/\"> [&#8230;]<\/a><\/p>\n","protected":false},"author":64,"featured_media":28572,"comment_status":"closed","ping_status":"closed","sticky":false,"template":"","format":"standard","meta":{"footnotes":""},"categories":[6],"tags":[],"class_list":["post-28571","post","type-post","status-publish","format-standard","has-post-thumbnail","hentry","category-culturales"],"_links":{"self":[{"href":"https:\/\/sertv.gob.pa\/crisolfm\/wp-json\/wp\/v2\/posts\/28571","targetHints":{"allow":["GET"]}}],"collection":[{"href":"https:\/\/sertv.gob.pa\/crisolfm\/wp-json\/wp\/v2\/posts"}],"about":[{"href":"https:\/\/sertv.gob.pa\/crisolfm\/wp-json\/wp\/v2\/types\/post"}],"author":[{"embeddable":true,"href":"https:\/\/sertv.gob.pa\/crisolfm\/wp-json\/wp\/v2\/users\/64"}],"replies":[{"embeddable":true,"href":"https:\/\/sertv.gob.pa\/crisolfm\/wp-json\/wp\/v2\/comments?post=28571"}],"version-history":[{"count":1,"href":"https:\/\/sertv.gob.pa\/crisolfm\/wp-json\/wp\/v2\/posts\/28571\/revisions"}],"predecessor-version":[{"id":28573,"href":"https:\/\/sertv.gob.pa\/crisolfm\/wp-json\/wp\/v2\/posts\/28571\/revisions\/28573"}],"wp:featuredmedia":[{"embeddable":true,"href":"https:\/\/sertv.gob.pa\/crisolfm\/wp-json\/wp\/v2\/media\/28572"}],"wp:attachment":[{"href":"https:\/\/sertv.gob.pa\/crisolfm\/wp-json\/wp\/v2\/media?parent=28571"}],"wp:term":[{"taxonomy":"category","embeddable":true,"href":"https:\/\/sertv.gob.pa\/crisolfm\/wp-json\/wp\/v2\/categories?post=28571"},{"taxonomy":"post_tag","embeddable":true,"href":"https:\/\/sertv.gob.pa\/crisolfm\/wp-json\/wp\/v2\/tags?post=28571"}],"curies":[{"name":"wp","href":"https:\/\/api.w.org\/{rel}","templated":true}]}}