{"id":28574,"date":"2020-05-27T14:22:40","date_gmt":"2020-05-27T14:22:40","guid":{"rendered":"https:\/\/sertv.gob.pa\/crisolfm\/?p=28574"},"modified":"2020-05-27T14:22:40","modified_gmt":"2020-05-27T14:22:40","slug":"el-coliseo-de-roma-reabre-sus-puertas-el-1-de-junio","status":"publish","type":"post","link":"https:\/\/sertv.gob.pa\/crisolfm\/el-coliseo-de-roma-reabre-sus-puertas-el-1-de-junio\/","title":{"rendered":"El Coliseo de Roma reabre sus puertas el 1 de junio"},"content":{"rendered":"<p>El Coliseo de Roma, el monumento m\u00e1s visitado de Italia, reabrir\u00e1 sus puertas el 1 de junio despu\u00e9s de casi tres meses de cierre debido a la epidemia de coronavirus, informaron este martes fuentes oficiales.<\/p>\n<p>Para la ocasi\u00f3n el c\u00e9lebre anfiteatro romano, construido en el siglo I de la era cristiana, ser\u00e1 iluminado con los colores italianos.<\/p>\n<p>El imponente edificio con ochenta filas de gradas y una arena para la lucha de gladiadores, que tuvo un pasado glorioso por casi 500 a\u00f1os, suele ser visitado por m\u00e1s de 7 millones de personas al a\u00f1o.<\/p>\n<p>\u00abFinalmente volvemos a abrir al p\u00fablico, bajo el signo de la accesibilidad, la hospitalidad y sobre todo la seguridad \u00ab, inform\u00f3 en un comunicado el sitio arqueol\u00f3gico.<\/p>\n<p>\u00abLos \u00faltimos meses han sido muy dif\u00edciles, con un silencio surrealista que era dif\u00edcil de aceptar\u00bb, reconocieron sus administradores.<\/p>\n<p>Para visitar el emblem\u00e1tico monumento en el coraz\u00f3n de Roma ser\u00e1 necesario contar con la protecci\u00f3n adecuada, como la mascarilla y se medir\u00e1 la temperatura a los visitantes.<\/p>\n<p>Una serie de trayectos seguros han sido fijados, ser\u00e1 obligatorio reservar con cita previa la entrada y los horarios ser\u00e1n modificados para evitar multitudes durante las horas pico.<\/p>\n<p>\u00abPara celebrar este importante momento (&#8230;) y en solidaridad con todos los que perdieron familiares y amigos durante la pandemia, el Coliseo se iluminar\u00e1 la noche del domingo con los colores de (la bandera) tricolor italiana, un mensaje de cohesi\u00f3n y uni\u00f3n\u00bb, explic\u00f3 el comunicado.<\/p>\n<p>Italia est\u00e1 reabriendo gradualmente sus monumentos y museos con la esperanza de reactivar el sector tur\u00edstico, duramente golpeado por la pandemia de Covid-19 que caus\u00f3 la muerte de m\u00e1s de 32.000 en m\u00e1s de dos meses.<\/p>\n<p>El gobierno anunci\u00f3 adem\u00e1s la apertura de las fronteras con Europa a partir del 3 de junio.<\/p>\n<p>El c\u00e9lebre sitio arqueol\u00f3gico de Pompeya abri\u00f3 este martes, mientras que la bas\u00edlica de San Pedro lo hizo la semana pasada, as\u00ed como el museo Galer\u00eda Borghese y los Museos Capitolinos.<\/p>\n<p>Tambi\u00e9n las magn\u00edficas catedrales de Florencia y Mil\u00e1n abrieron ya sus puertas para visitantes y creyentes.<br \/>\nLos Museos Vaticanos, importante destino tur\u00edstico y una de las principales fuentes de financiaci\u00f3n de la Santa Sede, volver\u00e1n a abrir el 1 de junio.<\/p>\n<p>&nbsp;<\/p>\n<p>&nbsp;<\/p>\n<p>Fuente:\u00a0\u00a0 AFP<\/p>\n","protected":false},"excerpt":{"rendered":"<p>El Coliseo de Roma, el monumento m\u00e1s visitado de Italia, <a href=\"https:\/\/sertv.gob.pa\/crisolfm\/el-coliseo-de-roma-reabre-sus-puertas-el-1-de-junio\/\"> [&#8230;]<\/a><\/p>\n","protected":false},"author":64,"featured_media":28575,"comment_status":"closed","ping_status":"closed","sticky":false,"template":"","format":"standard","meta":{"footnotes":""},"categories":[6],"tags":[],"class_list":["post-28574","post","type-post","status-publish","format-standard","has-post-thumbnail","hentry","category-culturales"],"_links":{"self":[{"href":"https:\/\/sertv.gob.pa\/crisolfm\/wp-json\/wp\/v2\/posts\/28574","targetHints":{"allow":["GET"]}}],"collection":[{"href":"https:\/\/sertv.gob.pa\/crisolfm\/wp-json\/wp\/v2\/posts"}],"about":[{"href":"https:\/\/sertv.gob.pa\/crisolfm\/wp-json\/wp\/v2\/types\/post"}],"author":[{"embeddable":true,"href":"https:\/\/sertv.gob.pa\/crisolfm\/wp-json\/wp\/v2\/users\/64"}],"replies":[{"embeddable":true,"href":"https:\/\/sertv.gob.pa\/crisolfm\/wp-json\/wp\/v2\/comments?post=28574"}],"version-history":[{"count":1,"href":"https:\/\/sertv.gob.pa\/crisolfm\/wp-json\/wp\/v2\/posts\/28574\/revisions"}],"predecessor-version":[{"id":28576,"href":"https:\/\/sertv.gob.pa\/crisolfm\/wp-json\/wp\/v2\/posts\/28574\/revisions\/28576"}],"wp:featuredmedia":[{"embeddable":true,"href":"https:\/\/sertv.gob.pa\/crisolfm\/wp-json\/wp\/v2\/media\/28575"}],"wp:attachment":[{"href":"https:\/\/sertv.gob.pa\/crisolfm\/wp-json\/wp\/v2\/media?parent=28574"}],"wp:term":[{"taxonomy":"category","embeddable":true,"href":"https:\/\/sertv.gob.pa\/crisolfm\/wp-json\/wp\/v2\/categories?post=28574"},{"taxonomy":"post_tag","embeddable":true,"href":"https:\/\/sertv.gob.pa\/crisolfm\/wp-json\/wp\/v2\/tags?post=28574"}],"curies":[{"name":"wp","href":"https:\/\/api.w.org\/{rel}","templated":true}]}}