{"id":28583,"date":"2020-05-27T15:11:13","date_gmt":"2020-05-27T15:11:13","guid":{"rendered":"https:\/\/sertv.gob.pa\/crisolfm\/?p=28583"},"modified":"2020-05-27T15:11:13","modified_gmt":"2020-05-27T15:11:13","slug":"en-puesto-de-control-de-chepo-realizan-decomiso-de-especies-de-fauna","status":"publish","type":"post","link":"https:\/\/sertv.gob.pa\/crisolfm\/en-puesto-de-control-de-chepo-realizan-decomiso-de-especies-de-fauna\/","title":{"rendered":"En puesto de control de Chepo realizan decomiso de especies de fauna"},"content":{"rendered":"<p>T\u00e9cnicos del Departamento de \u00c1reas Protegidas y Biodiversidad de la Regional del Ministerio de Ambiente Panam\u00e1 Este (MiAmbiente), junto a unidades del Servicio Nacional de Fronteras (SENAFRONT) procedieron al decomiso de un loro mo\u00f1a roja <em>(Amazona autumnalis),<\/em> una iguana verde <em>(Iguana iguana),<\/em> un arma de fuego y una motosierra, a 3 personas en el puesto de control de la Garita de Chepo.<\/p>\n<p>Sobre este caso la regional de MiAmbiente de Panam\u00e1 Este, en cumplimiento a la Ley\u00a024\u00a0de Vida Silvestre de Panam\u00e1, aplic\u00f3 una sanci\u00f3n directa por la suma de 500 d\u00f3lares, a los 3 implicados por la posesi\u00f3n de una Iguana Verde (muerta), y levant\u00f3 un Proceso Administrativo por la tenencia de una motosierra y un loro mo\u00f1a roja.<\/p>\n<p>En tanto, Elsa Garz\u00f3n, directora regional de MiAmbiente de Panam\u00e1 Este, detall\u00f3 que este caso ser\u00e1 remitido a la Fiscal\u00eda Ambiental del Ministerio P\u00fablico, para que se estime al lugar por presunto delito de tr\u00e1fico ilegal de animales de la vida silvestre.<\/p>\n<p>MiAmbiente Panam\u00e1 Este, agradece a la comunidad denunciar los delitos ambientales que atentan contra la vida silvestre, e insta a la poblaci\u00f3n a que no practiquen la cacer\u00eda ilegal y si\u00a0observan un animal silvestre que represente o est\u00e9 en riesgo hacer el reporte a la l\u00ednea telef\u00f3nica 296-7970, e igualmente a trav\u00e9s de las redes sociales del Ministerio @MiAmbientePma.<\/p>\n<p>&nbsp;<\/p>\n<p>Fuente:\u00a0\u00a0 MiAmbiente<\/p>\n","protected":false},"excerpt":{"rendered":"<p>T\u00e9cnicos del Departamento de \u00c1reas Protegidas y Biodiversidad de la <a href=\"https:\/\/sertv.gob.pa\/crisolfm\/en-puesto-de-control-de-chepo-realizan-decomiso-de-especies-de-fauna\/\"> [&#8230;]<\/a><\/p>\n","protected":false},"author":64,"featured_media":28584,"comment_status":"closed","ping_status":"closed","sticky":false,"template":"","format":"standard","meta":{"footnotes":""},"categories":[7],"tags":[],"class_list":["post-28583","post","type-post","status-publish","format-standard","has-post-thumbnail","hentry","category-ecologicas"],"_links":{"self":[{"href":"https:\/\/sertv.gob.pa\/crisolfm\/wp-json\/wp\/v2\/posts\/28583","targetHints":{"allow":["GET"]}}],"collection":[{"href":"https:\/\/sertv.gob.pa\/crisolfm\/wp-json\/wp\/v2\/posts"}],"about":[{"href":"https:\/\/sertv.gob.pa\/crisolfm\/wp-json\/wp\/v2\/types\/post"}],"author":[{"embeddable":true,"href":"https:\/\/sertv.gob.pa\/crisolfm\/wp-json\/wp\/v2\/users\/64"}],"replies":[{"embeddable":true,"href":"https:\/\/sertv.gob.pa\/crisolfm\/wp-json\/wp\/v2\/comments?post=28583"}],"version-history":[{"count":1,"href":"https:\/\/sertv.gob.pa\/crisolfm\/wp-json\/wp\/v2\/posts\/28583\/revisions"}],"predecessor-version":[{"id":28585,"href":"https:\/\/sertv.gob.pa\/crisolfm\/wp-json\/wp\/v2\/posts\/28583\/revisions\/28585"}],"wp:featuredmedia":[{"embeddable":true,"href":"https:\/\/sertv.gob.pa\/crisolfm\/wp-json\/wp\/v2\/media\/28584"}],"wp:attachment":[{"href":"https:\/\/sertv.gob.pa\/crisolfm\/wp-json\/wp\/v2\/media?parent=28583"}],"wp:term":[{"taxonomy":"category","embeddable":true,"href":"https:\/\/sertv.gob.pa\/crisolfm\/wp-json\/wp\/v2\/categories?post=28583"},{"taxonomy":"post_tag","embeddable":true,"href":"https:\/\/sertv.gob.pa\/crisolfm\/wp-json\/wp\/v2\/tags?post=28583"}],"curies":[{"name":"wp","href":"https:\/\/api.w.org\/{rel}","templated":true}]}}