{"id":28586,"date":"2020-05-27T15:41:24","date_gmt":"2020-05-27T15:41:24","guid":{"rendered":"https:\/\/sertv.gob.pa\/crisolfm\/?p=28586"},"modified":"2020-05-27T15:41:24","modified_gmt":"2020-05-27T15:41:24","slug":"el-circo-del-sol-al-borde-de-la-bancarrota-despide-al-95-por-ciento-de-sus-empleados","status":"publish","type":"post","link":"https:\/\/sertv.gob.pa\/crisolfm\/el-circo-del-sol-al-borde-de-la-bancarrota-despide-al-95-por-ciento-de-sus-empleados\/","title":{"rendered":"El Circo del Sol, al borde de la bancarrota, despide al 95 por ciento de sus empleados"},"content":{"rendered":"<p>El fundador y ex director del Circo del Sol, <strong>Guy Lalibert\u00e9<\/strong>, ha anunciado su intenci\u00f3n de intentar comprar la famosa compa\u00f1\u00eda de Quebec que cofund\u00f3 en 1984 y que est\u00e1 experimentando <strong>serias dificultades econ\u00f3micas <\/strong>debido a la pandemia del <a href=\"https:\/\/www.abc.es\/sociedad\/abci-coronavirus-espana-directo-estados-unidos-roza-100000-muertos-coronavirus-202005260625_directo.html\" target=\"_blank\" rel=\"noopener\">coronavirus<\/a>.<\/p>\n<p>La crisis sanitaria causada por la Covid-19 ha golpeado con especial dureza a la compa\u00f1\u00eda canadiense, que se ha visto obligada a <strong>cancelar 44 espect\u00e1culos en todo el mundo <\/strong>y <strong>despedir a 4.679 empleados<\/strong>, o el 95% de su personal.<\/p>\n<p>El ex malabarista que se convirti\u00f3 en millonario dio a conocer este posible proyecto en directo durante un programa retrasmitido por Radio Canad\u00e1. \u00abEl Circo del Sol me ha dado tanto&#8230; <strong>Si puedo ayudar, estaremos all\u00ed<\/strong>\u00bb, ha afirmado durante su intervenci\u00f3n, de acuerdo con la agencia de noticias AFP.<\/p>\n<p>Lalibert\u00e9, quien vendi\u00f3 la mayor\u00eda de sus acciones en 2015 y que fue <a href=\"https:\/\/www.abc.es\/cultura\/abci-detienen-fundador-circo-cultivo-marihuana-201911131303_noticia.html\" target=\"_blank\" rel=\"noopener\">arrestado en noviembre del a\u00f1o pasado por cultivo de marihuana<\/a>, no ha dado m\u00e1s detalles de su posible oferta ni de sus socios, y s\u00f3lo ha aseverado que <strong>estaba bien respaldado<\/strong>.<\/p>\n<p>\u00abTenemos un buen plan. Creemos que podemos traer de vuelta el fuego sagrado\u00bb, ha apuntado el empresario que a\u00f1adi\u00f3 que quer\u00eda mantener la oficina central en Montreal y mantener un equipo de gesti\u00f3n de Quebec.<\/p>\n<p>Lalibert\u00e9 hab\u00eda indicado el 13 de mayo, en una carta abierta, que quer\u00eda desempe\u00f1ar un papel <strong>en el rescate del circo<\/strong>, que est\u00e1 lastrado por <strong>una deuda estimada en 900 millones<\/strong> de d\u00f3lares. Varios grupos, incluido el quebequense Quebecor, han expresado su inter\u00e9s en una posible adquisici\u00f3n de la compa\u00f1\u00eda.<\/p>\n<p>A pesar de la imposibilidad de representar los espect\u00e1culos programados, el Circo del Sol<strong> se ha mantenido en contacto con su p\u00fablico<\/strong> a lo largo del confinamiento. La compa\u00f1\u00eda ha puesto a <a href=\"https:\/\/www.abc.es\/cultura\/abci-perdiste-circo-gratis-semana-pasada-este-viernes-3-abril-tienes-otra-oportunidad-202004031724_noticia.html\" target=\"_blank\" rel=\"noopener\">su disposici\u00f3n de forma gratuita <\/a>algunas de sus actuaciones m\u00e1s representativas.<\/p>\n<p>&nbsp;<\/p>\n<p>Fuente:\u00a0\u00a0 ABC Cultura<\/p>\n","protected":false},"excerpt":{"rendered":"<p>El fundador y ex director del Circo del Sol, Guy <a href=\"https:\/\/sertv.gob.pa\/crisolfm\/el-circo-del-sol-al-borde-de-la-bancarrota-despide-al-95-por-ciento-de-sus-empleados\/\"> [&#8230;]<\/a><\/p>\n","protected":false},"author":64,"featured_media":28587,"comment_status":"closed","ping_status":"closed","sticky":false,"template":"","format":"standard","meta":{"footnotes":""},"categories":[6],"tags":[],"class_list":["post-28586","post","type-post","status-publish","format-standard","has-post-thumbnail","hentry","category-culturales"],"_links":{"self":[{"href":"https:\/\/sertv.gob.pa\/crisolfm\/wp-json\/wp\/v2\/posts\/28586","targetHints":{"allow":["GET"]}}],"collection":[{"href":"https:\/\/sertv.gob.pa\/crisolfm\/wp-json\/wp\/v2\/posts"}],"about":[{"href":"https:\/\/sertv.gob.pa\/crisolfm\/wp-json\/wp\/v2\/types\/post"}],"author":[{"embeddable":true,"href":"https:\/\/sertv.gob.pa\/crisolfm\/wp-json\/wp\/v2\/users\/64"}],"replies":[{"embeddable":true,"href":"https:\/\/sertv.gob.pa\/crisolfm\/wp-json\/wp\/v2\/comments?post=28586"}],"version-history":[{"count":1,"href":"https:\/\/sertv.gob.pa\/crisolfm\/wp-json\/wp\/v2\/posts\/28586\/revisions"}],"predecessor-version":[{"id":28588,"href":"https:\/\/sertv.gob.pa\/crisolfm\/wp-json\/wp\/v2\/posts\/28586\/revisions\/28588"}],"wp:featuredmedia":[{"embeddable":true,"href":"https:\/\/sertv.gob.pa\/crisolfm\/wp-json\/wp\/v2\/media\/28587"}],"wp:attachment":[{"href":"https:\/\/sertv.gob.pa\/crisolfm\/wp-json\/wp\/v2\/media?parent=28586"}],"wp:term":[{"taxonomy":"category","embeddable":true,"href":"https:\/\/sertv.gob.pa\/crisolfm\/wp-json\/wp\/v2\/categories?post=28586"},{"taxonomy":"post_tag","embeddable":true,"href":"https:\/\/sertv.gob.pa\/crisolfm\/wp-json\/wp\/v2\/tags?post=28586"}],"curies":[{"name":"wp","href":"https:\/\/api.w.org\/{rel}","templated":true}]}}