{"id":28613,"date":"2020-05-28T14:17:30","date_gmt":"2020-05-28T14:17:30","guid":{"rendered":"https:\/\/sertv.gob.pa\/crisolfm\/?p=28613"},"modified":"2020-05-28T14:17:30","modified_gmt":"2020-05-28T14:17:30","slug":"micultura-participa-en-reunion-regional-para-la-promocion-de-las-artes-escenicas","status":"publish","type":"post","link":"https:\/\/sertv.gob.pa\/crisolfm\/micultura-participa-en-reunion-regional-para-la-promocion-de-las-artes-escenicas\/","title":{"rendered":"MiCultura participa en reuni\u00f3n regional para la promoci\u00f3n de las Artes Esc\u00e9nicas"},"content":{"rendered":"<p>El Ministerio de Cultura estuvo presente en sesi\u00f3n virtual de la XVIII reuni\u00f3n del Consejo Intergubernamental IBERESCENA, reuni\u00f3n efectuada el pasado 14 de mayo con la presencia de los 16 pa\u00edses miembros.<\/p>\n<p>Panam\u00e1 estuvo representada por Ren\u00e1n Fern\u00e1ndez, de la Direcci\u00f3n Nacional de Artes del MiCultura. El encuentro sirvi\u00f3 para plantear la preocupaci\u00f3n del organismo por las artes esc\u00e9nicas en la regi\u00f3n y manifestar la \u201cSolidaridad del Programa con el sector de las Artes Esc\u00e9nicas Iberoamericanas\u201d.<\/p>\n<p>La idea fue tomar las mejores decisiones de cara a la futura apertura de la Convocatoria 2021, as\u00ed como \u201cestablecer nuevos protocolos para que los\/as beneficiarios\/as del corriente a\u00f1o no se vean afectados\/as para realizar sus proyectos en estas especiales circunstancias\u201d, dice una nota de prensa de IBERESCENA.<\/p>\n<p>La reapertura en bloques explic\u00f3 Dom\u00ednguez, \u201cnos presenta un panorama temporal cuya duraci\u00f3n es de dif\u00edcil determinaci\u00f3n lo que presiona m\u00e1s a los proyectos paname\u00f1os beneficiados para su realizaci\u00f3n en a\u00f1o 2020\u201d, de ah\u00ed que se evalu\u00f3 la adecuaci\u00f3n de los protocolos.<\/p>\n<p>En el encuentro se aprobaron las tres l\u00edneas de ayudas y las fechas de apertura de la convocatoria 2021, del 15 de junio al 15 de octubre de 2020. Estar\u00e1 marcada por la adaptaci\u00f3n de sus l\u00edneas de ayuda para garantizar la ejecuci\u00f3n de proyectos a lo largo del a\u00f1o 2021.<\/p>\n<p>Entre otras modificaciones, se abrir\u00e1 la posibilidad a varias modalidades de participaci\u00f3n (presencial, virtual y mixta) o a indagar nuevos formatos de creaci\u00f3n y programaci\u00f3n, igualmente adecuar las convocatorias del programa a las circunstancias en el contexto de la Pandemia de Covid-19.<\/p>\n<p>La convocatoria establecer\u00e1 ayudas para la creaci\u00f3n en: Residencia, Coproducci\u00f3n de Espect\u00e1culos de Artes Esc\u00e9nicas y Programaci\u00f3n de Festivales y Espacios Esc\u00e9nicos.<\/p>\n<p>&nbsp;<\/p>\n<p>Fuente:\u00a0 MiCultura<\/p>\n","protected":false},"excerpt":{"rendered":"<p>El Ministerio de Cultura estuvo presente en sesi\u00f3n virtual de <a href=\"https:\/\/sertv.gob.pa\/crisolfm\/micultura-participa-en-reunion-regional-para-la-promocion-de-las-artes-escenicas\/\"> [&#8230;]<\/a><\/p>\n","protected":false},"author":64,"featured_media":28614,"comment_status":"closed","ping_status":"closed","sticky":false,"template":"","format":"standard","meta":{"footnotes":""},"categories":[6],"tags":[],"class_list":["post-28613","post","type-post","status-publish","format-standard","has-post-thumbnail","hentry","category-culturales"],"_links":{"self":[{"href":"https:\/\/sertv.gob.pa\/crisolfm\/wp-json\/wp\/v2\/posts\/28613","targetHints":{"allow":["GET"]}}],"collection":[{"href":"https:\/\/sertv.gob.pa\/crisolfm\/wp-json\/wp\/v2\/posts"}],"about":[{"href":"https:\/\/sertv.gob.pa\/crisolfm\/wp-json\/wp\/v2\/types\/post"}],"author":[{"embeddable":true,"href":"https:\/\/sertv.gob.pa\/crisolfm\/wp-json\/wp\/v2\/users\/64"}],"replies":[{"embeddable":true,"href":"https:\/\/sertv.gob.pa\/crisolfm\/wp-json\/wp\/v2\/comments?post=28613"}],"version-history":[{"count":1,"href":"https:\/\/sertv.gob.pa\/crisolfm\/wp-json\/wp\/v2\/posts\/28613\/revisions"}],"predecessor-version":[{"id":28615,"href":"https:\/\/sertv.gob.pa\/crisolfm\/wp-json\/wp\/v2\/posts\/28613\/revisions\/28615"}],"wp:featuredmedia":[{"embeddable":true,"href":"https:\/\/sertv.gob.pa\/crisolfm\/wp-json\/wp\/v2\/media\/28614"}],"wp:attachment":[{"href":"https:\/\/sertv.gob.pa\/crisolfm\/wp-json\/wp\/v2\/media?parent=28613"}],"wp:term":[{"taxonomy":"category","embeddable":true,"href":"https:\/\/sertv.gob.pa\/crisolfm\/wp-json\/wp\/v2\/categories?post=28613"},{"taxonomy":"post_tag","embeddable":true,"href":"https:\/\/sertv.gob.pa\/crisolfm\/wp-json\/wp\/v2\/tags?post=28613"}],"curies":[{"name":"wp","href":"https:\/\/api.w.org\/{rel}","templated":true}]}}