{"id":28619,"date":"2020-05-28T14:54:44","date_gmt":"2020-05-28T14:54:44","guid":{"rendered":"https:\/\/sertv.gob.pa\/crisolfm\/?p=28619"},"modified":"2020-05-28T14:54:44","modified_gmt":"2020-05-28T14:54:44","slug":"para-el-desarrollo-de-la-pesca-artesanal-respetando-areas-protegidas-colon-busca-consenso","status":"publish","type":"post","link":"https:\/\/sertv.gob.pa\/crisolfm\/para-el-desarrollo-de-la-pesca-artesanal-respetando-areas-protegidas-colon-busca-consenso\/","title":{"rendered":"Para el desarrollo de la pesca artesanal, respetando \u00e1reas protegidas, Col\u00f3n busca consenso"},"content":{"rendered":"<p>El pasado 26 de mayo fue efectuada una reuni\u00f3n interinstitucional en la provincia de Col\u00f3n con la intenci\u00f3n de abordar el tema de la pesca que realizan los pescadores de la Playita, espacio que est\u00e1 dentro de la zona marino costera del Bosque Protector y Paisaje Protegido San Lorenzo, en la que participaron las Direcciones Regionales del Ministerio de Ambiente (MiAMBIENTE), la Autoridad de los Recursos Acu\u00e1ticos de Panam\u00e1 (ARAP),\u00a0 la Autoridad Mar\u00edtima de Panam\u00e1 (AMP) y el Servicio Nacional Aeronaval (SENAN), y representantes de los pescadores de la citada zona.<\/p>\n<p>La reuni\u00f3n tuvo como prop\u00f3sito buscar el consenso para el desarrollo de la pesca artesanal, llevada a cabo por los pescadores colonenses, procurando el respeto a las \u00e1reas protegidas que constituyen un tema exclusivo del Ministerio de Ambiente; que delimita las artes de pesca que son permitidas en esta \u00e1rea, con la intenci\u00f3n de preservar y conservar los recursos naturales del entorno que le corresponde proteger.<\/p>\n<p>La directora Regional de MiAmbiente en Col\u00f3n, Griselda\u00a0Mart\u00ednez, durante el encuentro instruy\u00f3 a los pescadores\u00a0que en esta zona s\u00f3lo es permitido el arte de pesca a cordel y que est\u00e1 prohibido el uso del trasmallo para la extracci\u00f3n de pescado.<\/p>\n<p>De igual manera se acord\u00f3 con los pescadores, que para el d\u00eda viernes 29 de mayo se realizar\u00e1 un recorrido, con la intenci\u00f3n de ense\u00f1arles los linderos de esta zona protegida.<\/p>\n<p>Todas las instituciones acordaron hacer revisiones t\u00e9cnicas al plan de manejo del \u00e1rea; y as\u00ed evitar afectaciones a las especies end\u00e9micas y la actividad pesquera artesanal en la ciudad de Col\u00f3n, que mantienen los\u00a0pescadores de La Playita.<\/p>\n<p>&nbsp;<\/p>\n<p>Fuente:\u00a0 MiAmbiente<\/p>\n","protected":false},"excerpt":{"rendered":"<p>El pasado 26 de mayo fue efectuada una reuni\u00f3n interinstitucional <a href=\"https:\/\/sertv.gob.pa\/crisolfm\/para-el-desarrollo-de-la-pesca-artesanal-respetando-areas-protegidas-colon-busca-consenso\/\"> [&#8230;]<\/a><\/p>\n","protected":false},"author":64,"featured_media":28620,"comment_status":"closed","ping_status":"closed","sticky":false,"template":"","format":"standard","meta":{"footnotes":""},"categories":[7],"tags":[],"class_list":["post-28619","post","type-post","status-publish","format-standard","has-post-thumbnail","hentry","category-ecologicas"],"_links":{"self":[{"href":"https:\/\/sertv.gob.pa\/crisolfm\/wp-json\/wp\/v2\/posts\/28619","targetHints":{"allow":["GET"]}}],"collection":[{"href":"https:\/\/sertv.gob.pa\/crisolfm\/wp-json\/wp\/v2\/posts"}],"about":[{"href":"https:\/\/sertv.gob.pa\/crisolfm\/wp-json\/wp\/v2\/types\/post"}],"author":[{"embeddable":true,"href":"https:\/\/sertv.gob.pa\/crisolfm\/wp-json\/wp\/v2\/users\/64"}],"replies":[{"embeddable":true,"href":"https:\/\/sertv.gob.pa\/crisolfm\/wp-json\/wp\/v2\/comments?post=28619"}],"version-history":[{"count":1,"href":"https:\/\/sertv.gob.pa\/crisolfm\/wp-json\/wp\/v2\/posts\/28619\/revisions"}],"predecessor-version":[{"id":28621,"href":"https:\/\/sertv.gob.pa\/crisolfm\/wp-json\/wp\/v2\/posts\/28619\/revisions\/28621"}],"wp:featuredmedia":[{"embeddable":true,"href":"https:\/\/sertv.gob.pa\/crisolfm\/wp-json\/wp\/v2\/media\/28620"}],"wp:attachment":[{"href":"https:\/\/sertv.gob.pa\/crisolfm\/wp-json\/wp\/v2\/media?parent=28619"}],"wp:term":[{"taxonomy":"category","embeddable":true,"href":"https:\/\/sertv.gob.pa\/crisolfm\/wp-json\/wp\/v2\/categories?post=28619"},{"taxonomy":"post_tag","embeddable":true,"href":"https:\/\/sertv.gob.pa\/crisolfm\/wp-json\/wp\/v2\/tags?post=28619"}],"curies":[{"name":"wp","href":"https:\/\/api.w.org\/{rel}","templated":true}]}}