{"id":28622,"date":"2020-05-28T15:25:12","date_gmt":"2020-05-28T15:25:12","guid":{"rendered":"https:\/\/sertv.gob.pa\/crisolfm\/?p=28622"},"modified":"2020-05-28T15:25:12","modified_gmt":"2020-05-28T15:25:12","slug":"como-parte-del-plan-de-salud-en-medio-de-la-pandemia-miambiente-realiza-jornada-de-vacunacion","status":"publish","type":"post","link":"https:\/\/sertv.gob.pa\/crisolfm\/como-parte-del-plan-de-salud-en-medio-de-la-pandemia-miambiente-realiza-jornada-de-vacunacion\/","title":{"rendered":"Como parte del plan de salud en medio de la pandemia, MiAmbiente realiza jornada de vacunaci\u00f3n"},"content":{"rendered":"<p>El Ministerio de Ambiente organiz\u00f3 una jornada de vacunaci\u00f3n para el personal que labora de manera presencial en su sede central, como parte del Programa de Salud y Trabajo social que lleva adelante la instituci\u00f3n.<\/p>\n<p>La actividad, que fue coordinada por la Oficina de Recursos Humanos, logr\u00f3 cubrir con la vacuna, tanto de influenza como de neumococo,\u00a0a 115 (71 mujeres y 44 hombres) funcionarios, gracias al apoyo del personal del Ministerio de Salud; una tarea que de acuerdo con el jefe de la Oficina de Recursos Humanos, C\u00e9sar Castro, se ha gestionado en todas las direcciones regionales.<\/p>\n<p>Castro precis\u00f3, adem\u00e1s, que actualmente MiAmbiente labora con el 16% del personal en su Sede central, mientras que a nivel de las Regionales se trabaja con el 26%. A nivel nacional esta instituci\u00f3n est\u00e1 funcionado de forma presencial con un 32% de todo su personal, apuntando que estos porcentajes son producto del cumplimiento de las normas establecidas en materia sanitaria y laboral por el Gobierno Nacional.<\/p>\n<p>En ese sentido,\u00a0Castro asegur\u00f3 que la Oficina de Recursos Humanos de MiAmbiente puso en marcha, como parte del plan de\u00a0manejo de personal\u00a0en etapa de cuarentena, la aplicaci\u00f3n de vacaciones, tiempo compensatorio, teletrabajo y trabajo a disponibilidad, tomando en cuenta el personal vulnerable y en condiciones de riesgo por edad y con enfermedad cr\u00f3nicas.<\/p>\n<p>Agreg\u00f3 que se han llevado a cabo a nivel nacional trabajos de sanitizaci\u00f3n, higiene y desinfecci\u00f3n de todas las oficinas, tareas que se intensificar\u00e1n a medida que se vaya normalizando el funcionamiento de la instituci\u00f3n.<\/p>\n<p>&nbsp;<\/p>\n<p>Fuente:\u00a0 \u00a0MiAmbiente<\/p>\n","protected":false},"excerpt":{"rendered":"<p>El Ministerio de Ambiente organiz\u00f3 una jornada de vacunaci\u00f3n para <a href=\"https:\/\/sertv.gob.pa\/crisolfm\/como-parte-del-plan-de-salud-en-medio-de-la-pandemia-miambiente-realiza-jornada-de-vacunacion\/\"> [&#8230;]<\/a><\/p>\n","protected":false},"author":64,"featured_media":28623,"comment_status":"closed","ping_status":"closed","sticky":false,"template":"","format":"standard","meta":{"footnotes":""},"categories":[7],"tags":[],"class_list":["post-28622","post","type-post","status-publish","format-standard","has-post-thumbnail","hentry","category-ecologicas"],"_links":{"self":[{"href":"https:\/\/sertv.gob.pa\/crisolfm\/wp-json\/wp\/v2\/posts\/28622","targetHints":{"allow":["GET"]}}],"collection":[{"href":"https:\/\/sertv.gob.pa\/crisolfm\/wp-json\/wp\/v2\/posts"}],"about":[{"href":"https:\/\/sertv.gob.pa\/crisolfm\/wp-json\/wp\/v2\/types\/post"}],"author":[{"embeddable":true,"href":"https:\/\/sertv.gob.pa\/crisolfm\/wp-json\/wp\/v2\/users\/64"}],"replies":[{"embeddable":true,"href":"https:\/\/sertv.gob.pa\/crisolfm\/wp-json\/wp\/v2\/comments?post=28622"}],"version-history":[{"count":1,"href":"https:\/\/sertv.gob.pa\/crisolfm\/wp-json\/wp\/v2\/posts\/28622\/revisions"}],"predecessor-version":[{"id":28624,"href":"https:\/\/sertv.gob.pa\/crisolfm\/wp-json\/wp\/v2\/posts\/28622\/revisions\/28624"}],"wp:featuredmedia":[{"embeddable":true,"href":"https:\/\/sertv.gob.pa\/crisolfm\/wp-json\/wp\/v2\/media\/28623"}],"wp:attachment":[{"href":"https:\/\/sertv.gob.pa\/crisolfm\/wp-json\/wp\/v2\/media?parent=28622"}],"wp:term":[{"taxonomy":"category","embeddable":true,"href":"https:\/\/sertv.gob.pa\/crisolfm\/wp-json\/wp\/v2\/categories?post=28622"},{"taxonomy":"post_tag","embeddable":true,"href":"https:\/\/sertv.gob.pa\/crisolfm\/wp-json\/wp\/v2\/tags?post=28622"}],"curies":[{"name":"wp","href":"https:\/\/api.w.org\/{rel}","templated":true}]}}