{"id":28625,"date":"2020-05-28T15:41:31","date_gmt":"2020-05-28T15:41:31","guid":{"rendered":"https:\/\/sertv.gob.pa\/crisolfm\/?p=28625"},"modified":"2020-05-28T15:41:31","modified_gmt":"2020-05-28T15:41:31","slug":"la-contaminacion-induce-al-alzheimer","status":"publish","type":"post","link":"https:\/\/sertv.gob.pa\/crisolfm\/la-contaminacion-induce-al-alzheimer\/","title":{"rendered":"La contaminaci\u00f3n \u2018induce\u2019 al Alzheimer"},"content":{"rendered":"<p>\u00abLos resultados de nuestra investigaci\u00f3n van en l\u00ednea con los estudios cient\u00edficos recientes que demuestran que <strong>la contaminaci\u00f3n del aire<\/strong> tiene un impacto nocivo en el cerebro y est\u00e1 relacionada con la incidencia de demencias. Nuestro estudio aporta por primera vez evidencia sobre el impacto negativo que la poluci\u00f3n del aire puede tener en zonas del cerebro estrechamente vinculadas a la enfermedad de Alzheimer en personas de mediana edad sin problemas cognitivos\u00bb, ha explicado la primera autora del estudio, Marta Crous-Bou.<\/p>\n<p>El trabajo, publicado en la revista &#8216;Environment International&#8217;, ha sido liderado por el grupo de Investigaci\u00f3n Cl\u00ednica, Biomarcadores y Factores de Riesgo, dirigido por Jos\u00e9 Luis Molinuevo en el BBRC y el CIBERFES, y ha contado con el impulso de la Fundaci\u00f3n \u00abla Caixa\u00bb, y la colaboraci\u00f3n del Instituto de Salud Global de Barcelona (ISGlobal).<\/p>\n<p>La recogida de datos para la investigaci\u00f3n se llev\u00f3 a cabo entre el 2013 y el 2014 sobre 958 participantes cognitivamente sanos del Estudio Alfa del BBRC, residentes durante al menos tres a\u00f1os en el mismo domicilio en la ciudad de Barcelona.<\/p>\n<p>Para calcular el nivel de exposici\u00f3n de los participantes a <strong>los gases y part\u00edculas contaminantes<\/strong>, el equipo de investigadores de ISGlobal y CIBERESP, dirigido por Mark J. Nieuwenhuijsen, utiliz\u00f3 los datos recogidos en Barcelona en el marco del proyecto europeo ESCAPE, durante tres estaciones diferentes del a\u00f1o, y los cruz\u00f3 con las direcciones de los participantes.<\/p>\n<p>El periodo de recogida de datos no es determinante en este estudio, ya que la distribuci\u00f3n espacial de la contaminaci\u00f3n del aire en Barcelona ha sido bastante consistente durante los \u00faltimos 20 a\u00f1os. Paralelamente, y gracias a las extensas pruebas que se hicieron un subgrupo de participantes del &#8216;Estudio Alfa&#8217; en la resonancia magn\u00e9tica, los investigadores del BBRC analizaron las \u00e1reas cerebrales que m\u00e1s se ven afectadas en la enfermedad de Alzheimer y las compararon con la exposici\u00f3n a la contaminaci\u00f3n ambiental.<\/p>\n<p>Es en este punto donde detectaron que los barceloneses m\u00e1s expuestos a <strong>la poluci\u00f3n del aire presentaban un grosor cortical inferior<\/strong> y una mayor atrofia cerebral respecto a los participantes menos expuestos. Por el contrario, los investigadores observaron que los participantes m\u00e1s expuestos a zonas verdes ten\u00edan un mayor grosor en el c\u00f3rtex de determinadas \u00e1reas cerebrales.<\/p>\n<p>Por lo tanto, estas personas presentaban una mayor resiliencia a la enfermedad de Alzheimer que los participantes m\u00e1s expuestos a los contaminantes NO2 y PM10, que provienen principalmente de la combusti\u00f3n de carburantes de los veh\u00edculos y de las plantas industriales. En este caso, los investigadores apuntan que no se trata de un beneficio directo de los espacios verdes, sino que m\u00e1s bien de una menor exposici\u00f3n a la poluci\u00f3n.<\/p>\n<p>&nbsp;<\/p>\n<p>Fuente:\u00a0\u00a0 ECOticias<\/p>\n<p>&nbsp;<\/p>\n","protected":false},"excerpt":{"rendered":"<p>\u00abLos resultados de nuestra investigaci\u00f3n van en l\u00ednea con los <a href=\"https:\/\/sertv.gob.pa\/crisolfm\/la-contaminacion-induce-al-alzheimer\/\"> [&#8230;]<\/a><\/p>\n","protected":false},"author":64,"featured_media":28627,"comment_status":"closed","ping_status":"closed","sticky":false,"template":"","format":"standard","meta":{"footnotes":""},"categories":[7],"tags":[],"class_list":["post-28625","post","type-post","status-publish","format-standard","has-post-thumbnail","hentry","category-ecologicas"],"_links":{"self":[{"href":"https:\/\/sertv.gob.pa\/crisolfm\/wp-json\/wp\/v2\/posts\/28625","targetHints":{"allow":["GET"]}}],"collection":[{"href":"https:\/\/sertv.gob.pa\/crisolfm\/wp-json\/wp\/v2\/posts"}],"about":[{"href":"https:\/\/sertv.gob.pa\/crisolfm\/wp-json\/wp\/v2\/types\/post"}],"author":[{"embeddable":true,"href":"https:\/\/sertv.gob.pa\/crisolfm\/wp-json\/wp\/v2\/users\/64"}],"replies":[{"embeddable":true,"href":"https:\/\/sertv.gob.pa\/crisolfm\/wp-json\/wp\/v2\/comments?post=28625"}],"version-history":[{"count":1,"href":"https:\/\/sertv.gob.pa\/crisolfm\/wp-json\/wp\/v2\/posts\/28625\/revisions"}],"predecessor-version":[{"id":28628,"href":"https:\/\/sertv.gob.pa\/crisolfm\/wp-json\/wp\/v2\/posts\/28625\/revisions\/28628"}],"wp:featuredmedia":[{"embeddable":true,"href":"https:\/\/sertv.gob.pa\/crisolfm\/wp-json\/wp\/v2\/media\/28627"}],"wp:attachment":[{"href":"https:\/\/sertv.gob.pa\/crisolfm\/wp-json\/wp\/v2\/media?parent=28625"}],"wp:term":[{"taxonomy":"category","embeddable":true,"href":"https:\/\/sertv.gob.pa\/crisolfm\/wp-json\/wp\/v2\/categories?post=28625"},{"taxonomy":"post_tag","embeddable":true,"href":"https:\/\/sertv.gob.pa\/crisolfm\/wp-json\/wp\/v2\/tags?post=28625"}],"curies":[{"name":"wp","href":"https:\/\/api.w.org\/{rel}","templated":true}]}}