{"id":28636,"date":"2020-05-28T17:51:54","date_gmt":"2020-05-28T17:51:54","guid":{"rendered":"https:\/\/sertv.gob.pa\/crisolfm\/?p=28636"},"modified":"2020-05-28T17:51:54","modified_gmt":"2020-05-28T17:51:54","slug":"muere-irm-hermann-musa-de-fassbinder-y-gran-dama-de-la-escena-alemana","status":"publish","type":"post","link":"https:\/\/sertv.gob.pa\/crisolfm\/muere-irm-hermann-musa-de-fassbinder-y-gran-dama-de-la-escena-alemana\/","title":{"rendered":"Muere Irm Hermann, musa de Fassbinder y gran dama de la escena alemana"},"content":{"rendered":"<p style=\"text-align: justify\">La actriz alemana <strong>Irm Hermann<\/strong>, rostro habitual en la filmograf\u00eda de <a href=\"https:\/\/www.abc.es\/espana\/catalunya\/disfruta\/abci-fellini-rohmer-marilyn-monroe-y-peckinpah-estrellas-filmoteca-cataluna-para-2020-201912022039_noticia.html\" target=\"_blank\" rel=\"noopener\">Rainer Werner Fassbinder <\/a>y actualmente gran dama de la televisi\u00f3n de su pa\u00eds, muri\u00f3 a los 77 a\u00f1os tras una repentina enfermedad. Fuentes de su oficina confirmaron este jueves su fallecimiento, que se produjo el martes.<\/p>\n<p style=\"text-align: justify\">Hermann, nacida en M\u00fanich en 1942, trabajaba en la capital b\u00e1vara como secretaria hasta que fue descubierta en un c\u00e1sting por <strong>Fassbinder<\/strong>.<\/p>\n<p style=\"text-align: justify\">De un primer papel en un corto precoz del realizador alem\u00e1n, \u00abDer Stadtrstreicher\u00bb (1966), Hermann pas\u00f3 a fundar con Fassbinder y la que ser\u00eda su actriz de referencia, Hanna Schygulla, el grupo \u00ab<strong>Action-Theater\u00bb<\/strong>.<\/p>\n<p style=\"text-align: justify\">En los a\u00f1os siguientes se convertir\u00eda en rostro habitual del realizador alem\u00e1n, con quien trabaj\u00f3 en una quincena de pel\u00edculas y t\u00edtulos televisivos, incluidos papeles en algunos de sus cintas m\u00e1s m\u00edticas, como \u00ab<strong>Las amargas l\u00e1grimas de Petra von Kant\u00bb<\/strong> (\u00ab<strong>Die bitteren Tr\u00e4nen der Petra von Kant<\/strong>\u00bb) (1972), \u00ab<strong>Berlin Alexanderplatz<\/strong>\u00bb (1980) y \u00ab<strong>Lili Marleen\u00bb<\/strong> (1980).<\/p>\n<aside class=\"roba-intercalado sin-fondo layer_inpage\"><span id=\"layer_inpage-id\" data-voc-vam=\"\" data-voc-vam-position=\"layer_inpage\" data-voc-vam-outofpage=\"true\" data-google-query-id=\"CMiggJmK1-kCFY3ahgodqYEHuw\" data-voc-vam-displayed=\"true\"> <\/span>De Fassbinder fue, adem\u00e1s de actriz, confidente y compa\u00f1era en proyectos para el cine, la televisi\u00f3n y el teatro. Antes de la muerte de quien fue su director de cabecera y amigo, en 1982, Hermann hab\u00eda empezado ya a trabajar con otros realizadores arriesgados del panorama alem\u00e1n, como <a href=\"https:\/\/www.abc.es\/play\/cine\/noticias\/abci-misterios-intrigas-festival-cannes-2019-huele-incienso-201905121848_noticia.html\" target=\"_blank\" rel=\"noopener\">Werner Herzog <\/a>-en \u00ab<strong>Woyzeck<\/strong>\u00bb, junto a <strong>Klaus Kinski<\/strong>, en 1979.<\/aside>\n<p style=\"text-align: justify\">A estos nombres del cine de su pa\u00eds se sumaron luego los de Hans W. Geissend\u00f6rfer, Ulrike Ottinger y Christoph Schlingensief. Su vida transcurri\u00f3 entre M\u00fanich y Berl\u00edn, donde fij\u00f3 su residencia en los a\u00f1os 70.<\/p>\n<p style=\"text-align: justify\">A partir de los noventa su trabajo se concentr\u00f3 en producciones televisivas de todo tipo: desde comedias familiares a papeles en series polic\u00edacas, el g\u00e9nero m\u00e1s popular y diversificado para los telespectadores alemanes.<\/p>\n<p style=\"text-align: justify\">Desde sus inicios con Fassbinder y a lo largo de pr\u00e1cticamente toda su carrera actu\u00f3 asimismo en los teatros m\u00e1s representativos del pa\u00eds, entre ellos la Volksb\u00fchne y la Berliner Ensemble de la capital alemana.<\/p>\n<p style=\"text-align: justify\">Tambi\u00e9n sobre el escenario se puso a las \u00f3rdenes de directores comprometidos y no siempre f\u00e1ciles, como el mismo Schlingensief o Christoph Marthaler, en producciones tanto en Berl\u00edn, como en M\u00fanich o en Hamburgo.<\/p>\n<p style=\"text-align: justify\">\n<p>Fuente:\u00a0\u00a0\u00a0 EFE<\/p>\n","protected":false},"excerpt":{"rendered":"<p>La actriz alemana Irm Hermann, rostro habitual en la filmograf\u00eda <a href=\"https:\/\/sertv.gob.pa\/crisolfm\/muere-irm-hermann-musa-de-fassbinder-y-gran-dama-de-la-escena-alemana\/\"> [&#8230;]<\/a><\/p>\n","protected":false},"author":64,"featured_media":28638,"comment_status":"closed","ping_status":"closed","sticky":false,"template":"","format":"standard","meta":{"footnotes":""},"categories":[6],"tags":[],"class_list":["post-28636","post","type-post","status-publish","format-standard","has-post-thumbnail","hentry","category-culturales"],"_links":{"self":[{"href":"https:\/\/sertv.gob.pa\/crisolfm\/wp-json\/wp\/v2\/posts\/28636","targetHints":{"allow":["GET"]}}],"collection":[{"href":"https:\/\/sertv.gob.pa\/crisolfm\/wp-json\/wp\/v2\/posts"}],"about":[{"href":"https:\/\/sertv.gob.pa\/crisolfm\/wp-json\/wp\/v2\/types\/post"}],"author":[{"embeddable":true,"href":"https:\/\/sertv.gob.pa\/crisolfm\/wp-json\/wp\/v2\/users\/64"}],"replies":[{"embeddable":true,"href":"https:\/\/sertv.gob.pa\/crisolfm\/wp-json\/wp\/v2\/comments?post=28636"}],"version-history":[{"count":1,"href":"https:\/\/sertv.gob.pa\/crisolfm\/wp-json\/wp\/v2\/posts\/28636\/revisions"}],"predecessor-version":[{"id":28639,"href":"https:\/\/sertv.gob.pa\/crisolfm\/wp-json\/wp\/v2\/posts\/28636\/revisions\/28639"}],"wp:featuredmedia":[{"embeddable":true,"href":"https:\/\/sertv.gob.pa\/crisolfm\/wp-json\/wp\/v2\/media\/28638"}],"wp:attachment":[{"href":"https:\/\/sertv.gob.pa\/crisolfm\/wp-json\/wp\/v2\/media?parent=28636"}],"wp:term":[{"taxonomy":"category","embeddable":true,"href":"https:\/\/sertv.gob.pa\/crisolfm\/wp-json\/wp\/v2\/categories?post=28636"},{"taxonomy":"post_tag","embeddable":true,"href":"https:\/\/sertv.gob.pa\/crisolfm\/wp-json\/wp\/v2\/tags?post=28636"}],"curies":[{"name":"wp","href":"https:\/\/api.w.org\/{rel}","templated":true}]}}