{"id":28663,"date":"2020-05-29T14:17:33","date_gmt":"2020-05-29T14:17:33","guid":{"rendered":"https:\/\/sertv.gob.pa\/crisolfm\/?p=28663"},"modified":"2020-05-29T14:17:33","modified_gmt":"2020-05-29T14:17:33","slug":"retrasan-la-cop-a-2021","status":"publish","type":"post","link":"https:\/\/sertv.gob.pa\/crisolfm\/retrasan-la-cop-a-2021\/","title":{"rendered":"Retrasan la COP a 2021"},"content":{"rendered":"<p>\u201cEn este momento, los verdaderos l\u00edderes deber\u00edan redoblar sus esfuerzos para asegurar <strong>una recuperaci\u00f3n verde y justa<\/strong> en la gesti\u00f3n de esta crisis sanitaria y la emergencia clim\u00e1tica.<\/p>\n<p>S\u00f3lo los gobiernos que se gu\u00edan por la ciencia y son sensibles a las personas m\u00e1s vulnerables para hacer frente a la pandemia estar\u00e1n preparados para contribuir a la enorme acci\u00f3n colectiva mundial necesaria para hacer frente al cambio clim\u00e1tico\u201d,\u00a0ha declarado\u00a0Jennifer Morgan, directora de Greenpeace Internacional: \u201c<strong>Para la COP26<\/strong>, esperamos que los gobiernos acudan a la cita con las lecciones aprendidas tras la pandemia, guiados por la ciencia, preparados para actuar inequ\u00edvocamente y unidos para abordar la emergencia clim\u00e1tica y poner fin a la era de los combustibles f\u00f3siles\u201d.<\/p>\n<p>La crisis sanitaria debido al coronavirus ha puesto de manifiesto la importancia de trabajar de manera coordinada a nivel internacional. Greenpeace recuerda que para hacer frente al cambio clim\u00e1tico, son igual de necesarias la cooperaci\u00f3n internacional y el liderazgo pol\u00edtico.<\/p>\n<p>\u201cEs un momento \u00fanico para asegurar que las medidas para la reconstrucci\u00f3n econ\u00f3mica que toman los estados tras la crisis sanitaria responden a la necesidad de solucionar la crisis clim\u00e1tica y construir unas sociedades m\u00e1s resilientes a las crisis ambientales que generen y mantengan millones de empleos y tengan en su base la solidaridad con las personas m\u00e1s afectadas\u201d,\u00a0ha declarado\u00a0Mario Rodr\u00edguez, director de Greenpeace Espa\u00f1a<\/p>\n<p>La semana pasada\u00a0se aprob\u00f3 en el Consejo de Ministros\u00a0<a href=\"http:\/\/anws.co\/bINc2\/%7b8e86ff67-2489-4390-91cf-4ffc7dbddead%7d\" target=\"_blank\" rel=\"noopener\">el anteproyecto de ley de cambio clim\u00e1tico y transici\u00f3n energ\u00e9tica<\/a>,\u00a0una ley fundamental para asegurar que la salida de la crisis de la covid se apoya en las medidas necesarias para afrontar la emergencia clim\u00e1tica. Sin embargo, el objetivo de reducci\u00f3n de las emisiones de CO2 que propone esta ley de s\u00f3lo el 20% en 2030 no est\u00e1 alineado con las recomendaciones cient\u00edficas.<\/p>\n<p>\u201cAnte la cancelaci\u00f3n de <strong>la COP26 de este a\u00f1o<\/strong>, los Estados miembros deben seguir trabajando duramente y a todos los niveles en la mejora de sus objetivos clim\u00e1ticos para alinearlos con las recomendaciones cient\u00edficas y abordar los cambios profundos necesarios en esta d\u00e9cada para evitar los peores impactos del cambio clim\u00e1tico. El momento es ahora\u201d,\u00a0ha concluido\u00a0Tatiana Nu\u00f1o, responsable de la campa\u00f1a de Cambio Clim\u00e1tico de Greenpeace.<\/p>\n<p>&nbsp;<\/p>\n<p>Fuente:\u00a0 ECOticias<\/p>\n","protected":false},"excerpt":{"rendered":"<p>\u201cEn este momento, los verdaderos l\u00edderes deber\u00edan redoblar sus esfuerzos <a href=\"https:\/\/sertv.gob.pa\/crisolfm\/retrasan-la-cop-a-2021\/\"> [&#8230;]<\/a><\/p>\n","protected":false},"author":64,"featured_media":28664,"comment_status":"closed","ping_status":"closed","sticky":false,"template":"","format":"standard","meta":{"footnotes":""},"categories":[7],"tags":[],"class_list":["post-28663","post","type-post","status-publish","format-standard","has-post-thumbnail","hentry","category-ecologicas"],"_links":{"self":[{"href":"https:\/\/sertv.gob.pa\/crisolfm\/wp-json\/wp\/v2\/posts\/28663","targetHints":{"allow":["GET"]}}],"collection":[{"href":"https:\/\/sertv.gob.pa\/crisolfm\/wp-json\/wp\/v2\/posts"}],"about":[{"href":"https:\/\/sertv.gob.pa\/crisolfm\/wp-json\/wp\/v2\/types\/post"}],"author":[{"embeddable":true,"href":"https:\/\/sertv.gob.pa\/crisolfm\/wp-json\/wp\/v2\/users\/64"}],"replies":[{"embeddable":true,"href":"https:\/\/sertv.gob.pa\/crisolfm\/wp-json\/wp\/v2\/comments?post=28663"}],"version-history":[{"count":1,"href":"https:\/\/sertv.gob.pa\/crisolfm\/wp-json\/wp\/v2\/posts\/28663\/revisions"}],"predecessor-version":[{"id":28665,"href":"https:\/\/sertv.gob.pa\/crisolfm\/wp-json\/wp\/v2\/posts\/28663\/revisions\/28665"}],"wp:featuredmedia":[{"embeddable":true,"href":"https:\/\/sertv.gob.pa\/crisolfm\/wp-json\/wp\/v2\/media\/28664"}],"wp:attachment":[{"href":"https:\/\/sertv.gob.pa\/crisolfm\/wp-json\/wp\/v2\/media?parent=28663"}],"wp:term":[{"taxonomy":"category","embeddable":true,"href":"https:\/\/sertv.gob.pa\/crisolfm\/wp-json\/wp\/v2\/categories?post=28663"},{"taxonomy":"post_tag","embeddable":true,"href":"https:\/\/sertv.gob.pa\/crisolfm\/wp-json\/wp\/v2\/tags?post=28663"}],"curies":[{"name":"wp","href":"https:\/\/api.w.org\/{rel}","templated":true}]}}