{"id":28666,"date":"2020-05-29T14:24:22","date_gmt":"2020-05-29T14:24:22","guid":{"rendered":"https:\/\/sertv.gob.pa\/crisolfm\/?p=28666"},"modified":"2020-05-29T14:24:22","modified_gmt":"2020-05-29T14:24:22","slug":"acciona-pide-no-aplazar-la-crisis-climatica-por-la-sanitaria","status":"publish","type":"post","link":"https:\/\/sertv.gob.pa\/crisolfm\/acciona-pide-no-aplazar-la-crisis-climatica-por-la-sanitaria\/","title":{"rendered":"Acciona pide no aplazar la crisis clim\u00e1tica por la sanitaria"},"content":{"rendered":"<p>\u00abO logramos simultanear la lucha contra los efectos econ\u00f3micos de la pandemia con la lucha contra el cambio clim\u00e1tico o el esfuerzo ser\u00e1 in\u00fatil\u00bb, advirti\u00f3 durante su intervenci\u00f3n ante la junta de accionistas de la compa\u00f1\u00eda, uno de <strong>los primeros grupos de energ\u00edas renovables<\/strong>.<\/p>\n<p>Entrecanales asegura que la crisis clim\u00e1tica estaba ya teniendo \u00abefectos muy tangibles en las econom\u00edas m\u00e1s d\u00e9biles\u00bb. \u00abPor lo que parece claro que las consecuencias devastadoras de ambas crisis, la clim\u00e1tica y la sanitaria, son inseparables\u00bb, insisti\u00f3.<\/p>\n<p>\u00abLa pandemia se ha desatado en un mundo pr\u00f3spero, que comenzaba a entender la necesidad de sentar las bases para la transici\u00f3n hacia un modelo econ\u00f3mico limpio, descarbonizado y no exclusivamente basado en el crecimiento econ\u00f3mico\u00bb, lament\u00f3.<\/p>\n<p>No obstante, en el caso de Espa\u00f1a, el presidente de Acciona considera que se encuentra ante una \u00aboportunidad hist\u00f3rica\u00bb para apostar \u00abde forma decidida\u00bb por <strong>las energ\u00edas renovables<\/strong>, la eficiencia energ\u00e9tica, la electrificaci\u00f3n del transporte o la micromovilidad \u00abcomo ejes centrales del proceso de transici\u00f3n ecol\u00f3gica justa\u00bb.<\/p>\n<p>Para ello, considera que es preciso fomentar la participaci\u00f3n del sector privado, nacional e internacional, en el esfuerzo inversor \u00abremoviendo las barreras regulatorias que lo dificultan y creando el entorno de estabilidad y confianza que lo promuevan\u00bb.<\/p>\n<p>En esta misma l\u00ednea, Entrecanales subray\u00f3 como \u00abimprescindible intentar elevarse por encima de ideolog\u00edas y posicionamientos personales, relajar<strong> el clima de crispaci\u00f3n pol\u00edtica<\/strong> y social y enviar cuantos mensajes de unidad y consenso sean posibles\u00bb.<\/p>\n<p>&nbsp;<\/p>\n<p>Fuente:\u00a0\u00a0 ECOticias<\/p>\n","protected":false},"excerpt":{"rendered":"<p>\u00abO logramos simultanear la lucha contra los efectos econ\u00f3micos de <a href=\"https:\/\/sertv.gob.pa\/crisolfm\/acciona-pide-no-aplazar-la-crisis-climatica-por-la-sanitaria\/\"> [&#8230;]<\/a><\/p>\n","protected":false},"author":64,"featured_media":28667,"comment_status":"closed","ping_status":"closed","sticky":false,"template":"","format":"standard","meta":{"footnotes":""},"categories":[7],"tags":[],"class_list":["post-28666","post","type-post","status-publish","format-standard","has-post-thumbnail","hentry","category-ecologicas"],"_links":{"self":[{"href":"https:\/\/sertv.gob.pa\/crisolfm\/wp-json\/wp\/v2\/posts\/28666","targetHints":{"allow":["GET"]}}],"collection":[{"href":"https:\/\/sertv.gob.pa\/crisolfm\/wp-json\/wp\/v2\/posts"}],"about":[{"href":"https:\/\/sertv.gob.pa\/crisolfm\/wp-json\/wp\/v2\/types\/post"}],"author":[{"embeddable":true,"href":"https:\/\/sertv.gob.pa\/crisolfm\/wp-json\/wp\/v2\/users\/64"}],"replies":[{"embeddable":true,"href":"https:\/\/sertv.gob.pa\/crisolfm\/wp-json\/wp\/v2\/comments?post=28666"}],"version-history":[{"count":1,"href":"https:\/\/sertv.gob.pa\/crisolfm\/wp-json\/wp\/v2\/posts\/28666\/revisions"}],"predecessor-version":[{"id":28668,"href":"https:\/\/sertv.gob.pa\/crisolfm\/wp-json\/wp\/v2\/posts\/28666\/revisions\/28668"}],"wp:featuredmedia":[{"embeddable":true,"href":"https:\/\/sertv.gob.pa\/crisolfm\/wp-json\/wp\/v2\/media\/28667"}],"wp:attachment":[{"href":"https:\/\/sertv.gob.pa\/crisolfm\/wp-json\/wp\/v2\/media?parent=28666"}],"wp:term":[{"taxonomy":"category","embeddable":true,"href":"https:\/\/sertv.gob.pa\/crisolfm\/wp-json\/wp\/v2\/categories?post=28666"},{"taxonomy":"post_tag","embeddable":true,"href":"https:\/\/sertv.gob.pa\/crisolfm\/wp-json\/wp\/v2\/tags?post=28666"}],"curies":[{"name":"wp","href":"https:\/\/api.w.org\/{rel}","templated":true}]}}