{"id":28669,"date":"2020-05-29T15:00:55","date_gmt":"2020-05-29T15:00:55","guid":{"rendered":"https:\/\/sertv.gob.pa\/crisolfm\/?p=28669"},"modified":"2020-05-29T15:00:55","modified_gmt":"2020-05-29T15:00:55","slug":"la-feria-del-libro-de-francfort-se-celebrara-en-otono-a-pesar-del-coronavirus","status":"publish","type":"post","link":"https:\/\/sertv.gob.pa\/crisolfm\/la-feria-del-libro-de-francfort-se-celebrara-en-otono-a-pesar-del-coronavirus\/","title":{"rendered":"La Feria del Libro de Fr\u00e1ncfort se celebrar\u00e1 en oto\u00f1o a pesar del coronavirus"},"content":{"rendered":"<p>La <strong>Feria del Libro de Fr\u00e1ncfort<\/strong>, la mayor del mundo en su sector, se celebrar\u00e1 este a\u00f1o de forma presencial <strong>del 14 al 18 de octubre<\/strong> en la ciudad alemana a orillas del Meno a pesar de la pandemia de <strong>Covid-19<\/strong>, seg\u00fan dio a conocer la junta directiva de la organizaci\u00f3n de libreros alemanes (BGG).<\/p>\n<p>El director de la Feria Juergen Boos apunt\u00f3 que a consecuencia del <strong>coronavirus<\/strong>, el evento, que este a\u00f1o cuenta con <strong>Canad\u00e1 como pa\u00eds invitado<\/strong>, adoptar\u00e1 la forma de una \u00abedici\u00f3n especial\u00bb, que combinar\u00e1 un programa de actividades presenciales con formatos digitales. \u00abEste a\u00f1o es m\u00e1s importante que nunca celebrar la <strong>Feria del Libro de Fr\u00e1ncfort<\/strong>. Con la presencia en el recinto ferial y con eventos de presentaci\u00f3n de libros tanto en el lugar como virtuales, creamos atenci\u00f3n p\u00fablica para nuestros autores y autoras, para el sector, para nuestros temas\u00bb, afirm\u00f3 en el comunicado.<\/p>\n<p>Est\u00e1 previsto que en la Feria participen <strong>expositores procedentes de toda Europa<\/strong> y, si las restricciones al tr\u00e1fico de viajeros lo permiten, tambi\u00e9n del resto del mundo; los organizadores cuentan con que las primeras informaciones sobre el programa se puedan dar a conocer a finales de junio.<\/p>\n<p>Debido a la <strong>pandemia de coronavirus<\/strong>, grandes eventos del sector que se iban a celebrar en primavera, como la Feria del Libro de Leipzig o la Lit. Cologne, as\u00ed como numerosas ferias de otros ramos, tuvieron que ser canceladas o trasladadas a formatos exclusivamente virtuales. Para adaptarse a las restricciones que, seg\u00fan esperan los organizadores, persistir\u00e1n en octubre, se tratar\u00e1 de repartir los estands y las actividades por un mayor n\u00famero de espacios para <strong>reducir la densidad del p\u00fablico<\/strong>, cuyo n\u00famero ser\u00e1 limitado, y se mantendr\u00e1n estrictas medidas de higiene.<\/p>\n<p>En a\u00f1os anteriores, la Feria, que se celebra desde 1949, atrajo a casi 7.500 expositores de m\u00e1s 100 pa\u00edses diferentes y a m\u00e1s de <strong>30.000 visitantes<\/strong>.<\/p>\n<p>&nbsp;<\/p>\n<p>Fuente:\u00a0\u00a0 ABC Cultura<\/p>\n","protected":false},"excerpt":{"rendered":"<p>La Feria del Libro de Fr\u00e1ncfort, la mayor del mundo <a href=\"https:\/\/sertv.gob.pa\/crisolfm\/la-feria-del-libro-de-francfort-se-celebrara-en-otono-a-pesar-del-coronavirus\/\"> [&#8230;]<\/a><\/p>\n","protected":false},"author":64,"featured_media":28670,"comment_status":"closed","ping_status":"closed","sticky":false,"template":"","format":"standard","meta":{"footnotes":""},"categories":[6],"tags":[],"class_list":["post-28669","post","type-post","status-publish","format-standard","has-post-thumbnail","hentry","category-culturales"],"_links":{"self":[{"href":"https:\/\/sertv.gob.pa\/crisolfm\/wp-json\/wp\/v2\/posts\/28669","targetHints":{"allow":["GET"]}}],"collection":[{"href":"https:\/\/sertv.gob.pa\/crisolfm\/wp-json\/wp\/v2\/posts"}],"about":[{"href":"https:\/\/sertv.gob.pa\/crisolfm\/wp-json\/wp\/v2\/types\/post"}],"author":[{"embeddable":true,"href":"https:\/\/sertv.gob.pa\/crisolfm\/wp-json\/wp\/v2\/users\/64"}],"replies":[{"embeddable":true,"href":"https:\/\/sertv.gob.pa\/crisolfm\/wp-json\/wp\/v2\/comments?post=28669"}],"version-history":[{"count":1,"href":"https:\/\/sertv.gob.pa\/crisolfm\/wp-json\/wp\/v2\/posts\/28669\/revisions"}],"predecessor-version":[{"id":28671,"href":"https:\/\/sertv.gob.pa\/crisolfm\/wp-json\/wp\/v2\/posts\/28669\/revisions\/28671"}],"wp:featuredmedia":[{"embeddable":true,"href":"https:\/\/sertv.gob.pa\/crisolfm\/wp-json\/wp\/v2\/media\/28670"}],"wp:attachment":[{"href":"https:\/\/sertv.gob.pa\/crisolfm\/wp-json\/wp\/v2\/media?parent=28669"}],"wp:term":[{"taxonomy":"category","embeddable":true,"href":"https:\/\/sertv.gob.pa\/crisolfm\/wp-json\/wp\/v2\/categories?post=28669"},{"taxonomy":"post_tag","embeddable":true,"href":"https:\/\/sertv.gob.pa\/crisolfm\/wp-json\/wp\/v2\/tags?post=28669"}],"curies":[{"name":"wp","href":"https:\/\/api.w.org\/{rel}","templated":true}]}}