{"id":28672,"date":"2020-05-29T15:30:33","date_gmt":"2020-05-29T15:30:33","guid":{"rendered":"https:\/\/sertv.gob.pa\/crisolfm\/?p=28672"},"modified":"2020-05-29T15:30:33","modified_gmt":"2020-05-29T15:30:33","slug":"la-revista-publishers-weekly-tendra-edicion-en-espanol-a-partir-del-1-de-septiembre","status":"publish","type":"post","link":"https:\/\/sertv.gob.pa\/crisolfm\/la-revista-publishers-weekly-tendra-edicion-en-espanol-a-partir-del-1-de-septiembre\/","title":{"rendered":"La revista \u00abPublishers Weekly\u00bb tendr\u00e1 edici\u00f3n en espa\u00f1ol a partir del 1 de septiembre"},"content":{"rendered":"<p><a href=\"http:\/\/www.publishersweekly.com\" target=\"_blank\" rel=\"noopener\">\u00abPublishers Weekly\u00bb<\/a>, la revista l\u00edder del sector editorial, tendr\u00e1 desde el 1 de septiembre una <strong>edici\u00f3n en espa\u00f1ol<\/strong> que ser\u00e1 una extensi\u00f3n de la estadounidense y que cubrir\u00e1 los mercados de <strong>Espa\u00f1a y de Am\u00e9rica Latina<\/strong>. Y llegar\u00e1 de la mano de la editorial sevillana <a href=\"https:\/\/www.lantia.com\/es\/\" target=\"_blank\" rel=\"noopener\">Lantia Publishing<\/a>.<\/p>\n<p>\u00abLos <strong>libreros<\/strong> y los <strong>bibliotecarios<\/strong> necesitan esta herramienta de trabajo para poder llevar a cabo correctamente su labor. El mercado espa\u00f1ol adolec\u00eda de una referencia objetiva\u00bb, ha destacado el director general de Lantia Publishing, Enrique Parrilla. La idea de lanzar este proyecto, cuyas negociaciones con la editorial neoyorquina comenzaron hace cuatro a\u00f1os, surgi\u00f3 tras detectar que hab\u00eda un problema a la hora de encontrar <strong>informaci\u00f3n completa y rese\u00f1as<\/strong> sobre los libros que piden tanto los libreros como los bibliotecarios.<\/p>\n<p>Parrilla ha se\u00f1alado que su idea inicial era <strong>replicar la edici\u00f3n norteamericana<\/strong>, pero finalmente descartaron esa opci\u00f3n por su complejidad. Y desde la editorial espa\u00f1ola plantearon a la estadounidense hacer una extensi\u00f3n de la suya en espa\u00f1ol. \u00abTuvimos suerte, porque <strong>en el \u00faltimo a\u00f1o y medio el espa\u00f1ol se ha puesto de moda en Estados Unidos<\/strong> y ha empezado a ser un mercado importante debido a la cantidad de hispanohablantes que se encuentran all\u00ed, as\u00ed que aceptaron la extensi\u00f3n\u00bb, ha resaltado Parrilla.<\/p>\n<p>La nueva revista contar\u00e1 con <strong>la misma estructura y las mismas secciones<\/strong> (infantil, los m\u00e1s vendidos, novedades, nuevas rese\u00f1as, etc.) que su hom\u00f3loga norteamericana, con la \u00fanica diferencia de incluir los contenidos en espa\u00f1ol. \u00abLo que va a hacer la revista es dar voz a todo ese contenido en espa\u00f1ol que antes no ten\u00eda\u00bb, ha precisado el responsable de Lantia Publishing. De esta manera, el <strong>60% del contenido<\/strong> de la revista ser\u00e1 de <strong>car\u00e1cter internacional<\/strong>, traduciendo las rese\u00f1as y las referencias de todos aquellos libros que vengan de fuera del mercado hispanohablante, y el 40% ser\u00e1 la producci\u00f3n que se haga en Espa\u00f1a y en Am\u00e9rica Latina.<\/p>\n<p><strong>\u00abPublishers Weekley\u00bb<\/strong>, cuyo formato ser\u00e1 f\u00edsico y saldr\u00e1 cada quince d\u00edas, tendr\u00e1 presencia en todas las ferias internacionales del libro, adem\u00e1s de ediciones diarias durante las mismas. La <a href=\"https:\/\/www.abc.es\/cultura\/libros\/feria-del-libro\/\" target=\"_blank\" rel=\"noopener\">Feria del Libro de Madrid<\/a>, que se celebrar\u00e1 este a\u00f1o en octubre a causa del coronavirus, y que fue pionera en incorporar la publicaci\u00f3n como parte de un evento cultural, servir\u00e1 de <strong>escenario inaugural para el proyecto<\/strong>.<\/p>\n<p>&nbsp;<\/p>\n<p>Fuente:\u00a0\u00a0 ABC Cultura<\/p>\n","protected":false},"excerpt":{"rendered":"<p>\u00abPublishers Weekly\u00bb, la revista l\u00edder del sector editorial, tendr\u00e1 desde <a href=\"https:\/\/sertv.gob.pa\/crisolfm\/la-revista-publishers-weekly-tendra-edicion-en-espanol-a-partir-del-1-de-septiembre\/\"> [&#8230;]<\/a><\/p>\n","protected":false},"author":64,"featured_media":28673,"comment_status":"closed","ping_status":"closed","sticky":false,"template":"","format":"standard","meta":{"footnotes":""},"categories":[6],"tags":[],"class_list":["post-28672","post","type-post","status-publish","format-standard","has-post-thumbnail","hentry","category-culturales"],"_links":{"self":[{"href":"https:\/\/sertv.gob.pa\/crisolfm\/wp-json\/wp\/v2\/posts\/28672","targetHints":{"allow":["GET"]}}],"collection":[{"href":"https:\/\/sertv.gob.pa\/crisolfm\/wp-json\/wp\/v2\/posts"}],"about":[{"href":"https:\/\/sertv.gob.pa\/crisolfm\/wp-json\/wp\/v2\/types\/post"}],"author":[{"embeddable":true,"href":"https:\/\/sertv.gob.pa\/crisolfm\/wp-json\/wp\/v2\/users\/64"}],"replies":[{"embeddable":true,"href":"https:\/\/sertv.gob.pa\/crisolfm\/wp-json\/wp\/v2\/comments?post=28672"}],"version-history":[{"count":1,"href":"https:\/\/sertv.gob.pa\/crisolfm\/wp-json\/wp\/v2\/posts\/28672\/revisions"}],"predecessor-version":[{"id":28674,"href":"https:\/\/sertv.gob.pa\/crisolfm\/wp-json\/wp\/v2\/posts\/28672\/revisions\/28674"}],"wp:featuredmedia":[{"embeddable":true,"href":"https:\/\/sertv.gob.pa\/crisolfm\/wp-json\/wp\/v2\/media\/28673"}],"wp:attachment":[{"href":"https:\/\/sertv.gob.pa\/crisolfm\/wp-json\/wp\/v2\/media?parent=28672"}],"wp:term":[{"taxonomy":"category","embeddable":true,"href":"https:\/\/sertv.gob.pa\/crisolfm\/wp-json\/wp\/v2\/categories?post=28672"},{"taxonomy":"post_tag","embeddable":true,"href":"https:\/\/sertv.gob.pa\/crisolfm\/wp-json\/wp\/v2\/tags?post=28672"}],"curies":[{"name":"wp","href":"https:\/\/api.w.org\/{rel}","templated":true}]}}