{"id":28675,"date":"2020-05-29T15:49:42","date_gmt":"2020-05-29T15:49:42","guid":{"rendered":"https:\/\/sertv.gob.pa\/crisolfm\/?p=28675"},"modified":"2020-05-29T15:49:42","modified_gmt":"2020-05-29T15:49:42","slug":"la-inversion-en-coches-electricos-en-2019-se-disparo","status":"publish","type":"post","link":"https:\/\/sertv.gob.pa\/crisolfm\/la-inversion-en-coches-electricos-en-2019-se-disparo\/","title":{"rendered":"La inversi\u00f3n en coches el\u00e9ctricos en 2019 se \u2018dispar\u00f3\u2019"},"content":{"rendered":"<p>Seg\u00fan datos de la Federaci\u00f3n Europea de Transporte y Medio Ambiente (T&amp;E, por sus siglas en ingl\u00e9s), los fabricantes y las administraciones invirtieron 3,5 veces m\u00e1s en <strong>el veh\u00edculo el\u00e9ctrico<\/strong> en Europa que en China el a\u00f1o pasado.<\/p>\n<p>En cuanto a los pa\u00edses que m\u00e1s invirtieron el a\u00f1o pasado en este tipo de modelos, Alemania se situ\u00f3 a la cabeza, con unos 40.000 millones de euros, principalmente del grupo Volkswagen y de Tesla, que anunci\u00f3 la construcci\u00f3n de una planta en Berl\u00edn.<\/p>\n<p>Por su parte, en la Rep\u00fablica Checa se destinaron 6.600 millones de euros, tambi\u00e9n gracias a Volkswagen, que planea producir 75 modelos el\u00e9ctricos en todo el mundo para 2029. Entre otros pa\u00edses, Espa\u00f1a recibi\u00f3 cerca de 300 millones de euros de Opel.<\/p>\n<p>\u00abHace unos a\u00f1os, Europa no estaba en la carrera por <strong>la supremac\u00eda de los veh\u00edculos el\u00e9ctricos<\/strong>. Pero los objetivos de di\u00f3xido de carbono (CO2) de la Uni\u00f3n Europea centraron a los fabricantes de autom\u00f3viles y a los gobiernos para invertir 60.000 millones de euros en autom\u00f3viles el\u00e9ctricos y bater\u00edas y finalmente cerrar la brecha con China\u00bb, ha subrayado el responsable de Movilidad El\u00e9ctrica de T&amp;E, Sa\u00fal L\u00f3pez.<\/p>\n<p>Esta inversi\u00f3n tambi\u00e9n se dej\u00f3 notar en el mercado de veh\u00edculos. As\u00ed, en el primer trimestre de este a\u00f1o el 7% de los autom\u00f3viles vendidos en Europa era el\u00e9ctrico. Para T&amp;E, la industria automovil\u00edstica deber\u00eda aprovechar la situaci\u00f3n provocada por el coronavirus para buscar una recuperaci\u00f3n priorizando la producci\u00f3n de los coches el\u00e9ctricos e incentivar sus ventas.<\/p>\n<p>\u00abEl coronavirus ha provocado una tragedia humana y una crisis econ\u00f3mica. Pero la Uni\u00f3n Europea y los gobiernos pueden usar la recuperaci\u00f3n para emerger con una econom\u00eda m\u00e1s verde que refuerce su <strong>estrategia industrial de veh\u00edculos el\u00e9ctricos<\/strong> y cree miles de empleos\u00bb, ha sentenciado L\u00f3pez.<\/p>\n<p>&nbsp;<\/p>\n<p>Fuente:\u00a0\u00a0 ECOticias<\/p>\n","protected":false},"excerpt":{"rendered":"<p>Seg\u00fan datos de la Federaci\u00f3n Europea de Transporte y Medio <a href=\"https:\/\/sertv.gob.pa\/crisolfm\/la-inversion-en-coches-electricos-en-2019-se-disparo\/\"> [&#8230;]<\/a><\/p>\n","protected":false},"author":64,"featured_media":28676,"comment_status":"closed","ping_status":"closed","sticky":false,"template":"","format":"standard","meta":{"footnotes":""},"categories":[7],"tags":[],"class_list":["post-28675","post","type-post","status-publish","format-standard","has-post-thumbnail","hentry","category-ecologicas"],"_links":{"self":[{"href":"https:\/\/sertv.gob.pa\/crisolfm\/wp-json\/wp\/v2\/posts\/28675","targetHints":{"allow":["GET"]}}],"collection":[{"href":"https:\/\/sertv.gob.pa\/crisolfm\/wp-json\/wp\/v2\/posts"}],"about":[{"href":"https:\/\/sertv.gob.pa\/crisolfm\/wp-json\/wp\/v2\/types\/post"}],"author":[{"embeddable":true,"href":"https:\/\/sertv.gob.pa\/crisolfm\/wp-json\/wp\/v2\/users\/64"}],"replies":[{"embeddable":true,"href":"https:\/\/sertv.gob.pa\/crisolfm\/wp-json\/wp\/v2\/comments?post=28675"}],"version-history":[{"count":1,"href":"https:\/\/sertv.gob.pa\/crisolfm\/wp-json\/wp\/v2\/posts\/28675\/revisions"}],"predecessor-version":[{"id":28677,"href":"https:\/\/sertv.gob.pa\/crisolfm\/wp-json\/wp\/v2\/posts\/28675\/revisions\/28677"}],"wp:featuredmedia":[{"embeddable":true,"href":"https:\/\/sertv.gob.pa\/crisolfm\/wp-json\/wp\/v2\/media\/28676"}],"wp:attachment":[{"href":"https:\/\/sertv.gob.pa\/crisolfm\/wp-json\/wp\/v2\/media?parent=28675"}],"wp:term":[{"taxonomy":"category","embeddable":true,"href":"https:\/\/sertv.gob.pa\/crisolfm\/wp-json\/wp\/v2\/categories?post=28675"},{"taxonomy":"post_tag","embeddable":true,"href":"https:\/\/sertv.gob.pa\/crisolfm\/wp-json\/wp\/v2\/tags?post=28675"}],"curies":[{"name":"wp","href":"https:\/\/api.w.org\/{rel}","templated":true}]}}