{"id":2868,"date":"2015-08-12T15:56:17","date_gmt":"2015-08-12T15:56:17","guid":{"rendered":""},"modified":"2015-08-12T15:56:17","modified_gmt":"2015-08-12T15:56:17","slug":"el-biomuseo-de-amador-ha-sido-visitado-por-100-mil-personas","status":"publish","type":"post","link":"https:\/\/sertv.gob.pa\/crisolfm\/el-biomuseo-de-amador-ha-sido-visitado-por-100-mil-personas\/","title":{"rendered":"El Biomuseo de Amador ha sido visitado por 100 mil personas"},"content":{"rendered":"<p>\nEl  Biomuseo , localizado en Amador, recibi\u00f3 recientemente al visitante n\u00famero 100 mil. <\/p>\n<p>Se trata de Jaime Gait\u00e1n, de la escuela Harmodio Arias Madrid del distrito de Chame, qui\u00e9n particip\u00f3 de una gira con sus compa\u00f1eros como parte del programa escolar del Biomuseo. <\/p>\n<p>&ldquo;Hoy nos sentimos orgullosos de llegar a nuestro visitante n\u00famero 100 mil y doblemente felices pues se trata de un estudiante que forma parte de nuestro Programa Escolar&rdquo;, dijo V\u00edctor Cucal\u00f3n, Director Ejecutivo del Biomuseo. <\/p>\n<p>Cucal\u00f3n entreg\u00f3 al estudiante Gait\u00e1n una membres\u00eda familiar de seis miembros, con la que podr\u00e1n visitar el museo de manera gratuita por el periodo de un a\u00f1o. <\/p>\n<p>El Biomuseo fue inaugurado en octubre de 2014. \u00a0Obtuvo el premio de Excelencias Tur\u00edsticas 2014 por &ldquo;contar de forma \u00fanica c\u00f3mo el istmo de Panam\u00e1 cambi\u00f3 la biodiversidad del planeta&rdquo;, durante la X edici\u00f3n de los Premios Excelencias 2014. <\/p>\n<p>\u00a0 <\/p>\n","protected":false},"excerpt":{"rendered":"<p>El Biomuseo , localizado en Amador, recibi\u00f3 recientemente al visitante <a href=\"https:\/\/sertv.gob.pa\/crisolfm\/el-biomuseo-de-amador-ha-sido-visitado-por-100-mil-personas\/\"> [&#8230;]<\/a><\/p>\n","protected":false},"author":1,"featured_media":2869,"comment_status":"closed","ping_status":"closed","sticky":false,"template":"","format":"standard","meta":{"footnotes":""},"categories":[6],"tags":[],"class_list":["post-2868","post","type-post","status-publish","format-standard","has-post-thumbnail","hentry","category-culturales"],"_links":{"self":[{"href":"https:\/\/sertv.gob.pa\/crisolfm\/wp-json\/wp\/v2\/posts\/2868","targetHints":{"allow":["GET"]}}],"collection":[{"href":"https:\/\/sertv.gob.pa\/crisolfm\/wp-json\/wp\/v2\/posts"}],"about":[{"href":"https:\/\/sertv.gob.pa\/crisolfm\/wp-json\/wp\/v2\/types\/post"}],"author":[{"embeddable":true,"href":"https:\/\/sertv.gob.pa\/crisolfm\/wp-json\/wp\/v2\/users\/1"}],"replies":[{"embeddable":true,"href":"https:\/\/sertv.gob.pa\/crisolfm\/wp-json\/wp\/v2\/comments?post=2868"}],"version-history":[{"count":0,"href":"https:\/\/sertv.gob.pa\/crisolfm\/wp-json\/wp\/v2\/posts\/2868\/revisions"}],"wp:featuredmedia":[{"embeddable":true,"href":"https:\/\/sertv.gob.pa\/crisolfm\/wp-json\/wp\/v2\/media\/2869"}],"wp:attachment":[{"href":"https:\/\/sertv.gob.pa\/crisolfm\/wp-json\/wp\/v2\/media?parent=2868"}],"wp:term":[{"taxonomy":"category","embeddable":true,"href":"https:\/\/sertv.gob.pa\/crisolfm\/wp-json\/wp\/v2\/categories?post=2868"},{"taxonomy":"post_tag","embeddable":true,"href":"https:\/\/sertv.gob.pa\/crisolfm\/wp-json\/wp\/v2\/tags?post=2868"}],"curies":[{"name":"wp","href":"https:\/\/api.w.org\/{rel}","templated":true}]}}