{"id":28681,"date":"2020-05-29T19:10:31","date_gmt":"2020-05-29T19:10:31","guid":{"rendered":"https:\/\/sertv.gob.pa\/crisolfm\/?p=28681"},"modified":"2020-05-29T19:10:31","modified_gmt":"2020-05-29T19:10:31","slug":"fortaleceran-la-persecucion-de-delitos-ambientales","status":"publish","type":"post","link":"https:\/\/sertv.gob.pa\/crisolfm\/fortaleceran-la-persecucion-de-delitos-ambientales\/","title":{"rendered":"Fortalecer\u00e1n la persecuci\u00f3n de delitos ambientales"},"content":{"rendered":"<p>El ministro de Ambiente, Milciades Concepci\u00f3n, junto a su equipo de trabajo se reuni\u00f3 con el ministro de Seguridad P\u00fablica (MinSeg), Juan Pino, para empezar un proceso de acercamiento entre las dos instituciones con el prop\u00f3sito de fortalecer las tareas de persecuci\u00f3n de los delitos ambientales en el pa\u00eds<\/p>\n<p>Participaron en la reuni\u00f3n, el viceministro de Seguridad, Ivor Pitt\u00ed, el Director de la Polic\u00eda Nacional, Jorge Miranda; por el Servicio Nacional Aeronaval (SENAN) estuvo el comisionado Ram\u00f3n Nonato L\u00f3pez y el comisionado Oriel Ortega del Servicio Nacional de Frontera (SENAFRONT).<\/p>\n<p>\u201cMiAmbiente s\u00f3lo no puede vigilar todo el territorio nacional, \u00fanicamente contamos con uno 1,700 funcionarios, en su mayor\u00eda administrativos, y somos los responsables de enfrentar situaciones como la deforestaci\u00f3n y el tr\u00e1fico de vida silvestre en todo el pa\u00eds\u201d, manifest\u00f3 Concepci\u00f3n.<\/p>\n<p>Ante esta realidad el premier de Ambiente solicit\u00f3 al ministro Pino, que se abran los canales para que tanto el SENAN como el SENAFRONT reciban capacitaci\u00f3n por parte de MiAmbiente en la persecuci\u00f3n de delitos ambientales en todas las \u00e1reas del pa\u00eds, donde tienen presencia como garantes de la seguridad de los paname\u00f1os.<\/p>\n<p>Asegurando que en ese sentido ya hay un camino recorrido con la Polic\u00eda Nacional, que por m\u00e1s de 17 a\u00f1os ha trabajado con MiAmbiente, y que podr\u00eda servir de hoja de ruta.<\/p>\n<p>&nbsp;<\/p>\n<p>Fuente:\u00a0\u00a0 MiAmbiente<\/p>\n","protected":false},"excerpt":{"rendered":"<p>El ministro de Ambiente, Milciades Concepci\u00f3n, junto a su equipo <a href=\"https:\/\/sertv.gob.pa\/crisolfm\/fortaleceran-la-persecucion-de-delitos-ambientales\/\"> [&#8230;]<\/a><\/p>\n","protected":false},"author":64,"featured_media":28682,"comment_status":"closed","ping_status":"closed","sticky":false,"template":"","format":"standard","meta":{"footnotes":""},"categories":[7],"tags":[],"class_list":["post-28681","post","type-post","status-publish","format-standard","has-post-thumbnail","hentry","category-ecologicas"],"_links":{"self":[{"href":"https:\/\/sertv.gob.pa\/crisolfm\/wp-json\/wp\/v2\/posts\/28681","targetHints":{"allow":["GET"]}}],"collection":[{"href":"https:\/\/sertv.gob.pa\/crisolfm\/wp-json\/wp\/v2\/posts"}],"about":[{"href":"https:\/\/sertv.gob.pa\/crisolfm\/wp-json\/wp\/v2\/types\/post"}],"author":[{"embeddable":true,"href":"https:\/\/sertv.gob.pa\/crisolfm\/wp-json\/wp\/v2\/users\/64"}],"replies":[{"embeddable":true,"href":"https:\/\/sertv.gob.pa\/crisolfm\/wp-json\/wp\/v2\/comments?post=28681"}],"version-history":[{"count":1,"href":"https:\/\/sertv.gob.pa\/crisolfm\/wp-json\/wp\/v2\/posts\/28681\/revisions"}],"predecessor-version":[{"id":28683,"href":"https:\/\/sertv.gob.pa\/crisolfm\/wp-json\/wp\/v2\/posts\/28681\/revisions\/28683"}],"wp:featuredmedia":[{"embeddable":true,"href":"https:\/\/sertv.gob.pa\/crisolfm\/wp-json\/wp\/v2\/media\/28682"}],"wp:attachment":[{"href":"https:\/\/sertv.gob.pa\/crisolfm\/wp-json\/wp\/v2\/media?parent=28681"}],"wp:term":[{"taxonomy":"category","embeddable":true,"href":"https:\/\/sertv.gob.pa\/crisolfm\/wp-json\/wp\/v2\/categories?post=28681"},{"taxonomy":"post_tag","embeddable":true,"href":"https:\/\/sertv.gob.pa\/crisolfm\/wp-json\/wp\/v2\/tags?post=28681"}],"curies":[{"name":"wp","href":"https:\/\/api.w.org\/{rel}","templated":true}]}}