{"id":28690,"date":"2020-05-29T20:41:56","date_gmt":"2020-05-29T20:41:56","guid":{"rendered":"https:\/\/sertv.gob.pa\/crisolfm\/?p=28690"},"modified":"2020-05-29T20:41:56","modified_gmt":"2020-05-29T20:41:56","slug":"arboles-cada-dia-mas-pequenos","status":"publish","type":"post","link":"https:\/\/sertv.gob.pa\/crisolfm\/arboles-cada-dia-mas-pequenos\/","title":{"rendered":"\u00c1rboles cada d\u00eda m\u00e1s peque\u00f1os"},"content":{"rendered":"<p>Los investigadores, dirigidos por el Laboratorio Nacional del Noroeste del Pac\u00edfico del Departamento de Energ\u00eda de Estados Unidos, mostraron c\u00f3mo el aumento de las temperaturas y el di\u00f3xido de carbono han estado <strong>alterando los bosques del mundo<\/strong>.<\/p>\n<p>Estas alteraciones son causadas por el aumento del estr\u00e9s y la fertilizaci\u00f3n con di\u00f3xido de carbono y al aumentar la frecuencia y la gravedad de las perturbaciones como incendios forestales, sequ\u00edas, da\u00f1os por el viento y otros enemigos naturales. Combinado con la cosecha forestal, la Tierra ha sido testigo de una disminuci\u00f3n dram\u00e1tica en la edad y la estatura de los bosques.<\/p>\n<p>El estudio fue dirigido por el Laboratorio Nacional del Noroeste del Pac\u00edfico (PNNL) del Departamento de Energ\u00eda de Estados Unidos y el Instituto de Investigaci\u00f3n Forestal de Birmingham (BIFoR) realiz\u00f3 un an\u00e1lisis sobre los cambios en <strong>la edad de los bosques<\/strong>.<\/p>\n<p>El doctor Tom Pugh, de BIFoR, resalta que \u00abeste estudio revisa la creciente evidencia de que el cambio clim\u00e1tico est\u00e1 acelerando la mortalidad de los \u00e1rboles, empujando cada vez m\u00e1s a los bosques del mundo a ser m\u00e1s j\u00f3venes y m\u00e1s cortos. Esto implica una reducci\u00f3n en su capacidad de almacenar carbono y cambios potencialmente grandes en La mezcla de especies que componen y habitan estos bosques\u00bb.<\/p>\n<p>\u00abEs probable que esto tenga grandes implicaciones para <strong>los servicios que brindan esos bosques<\/strong>, como la mitigaci\u00f3n del cambio clim\u00e1tico &#8211;a\u00f1ade&#8211;. El aumento de las tasas de mortalidad de los \u00e1rboles impulsadas por el cambio clim\u00e1tico y el uso del suelo, combinado con la incertidumbre en la combinaci\u00f3n de especies que formar\u00e1n la pr\u00f3xima generaci\u00f3n, plantean grandes desaf\u00edos para los conservacionistas y los gestores forestales\u00bb.<\/p>\n<p>El doctor Nate McDowell, cient\u00edfico de la PNNL Earth y autor principal del estudio, agrega que \u00abes probable que esta tendencia contin\u00fae con el calentamiento clim\u00e1tico. Un futuro planeta con menos bosques grandes y viejos ser\u00e1 muy diferente de lo que nos hemos acostumbrado. Bosques m\u00e1s viejos a menudo albergan una biodiversidad mucho mayor que los bosques j\u00f3venes y almacenan m\u00e1s carbono que los bosques j\u00f3venes\u00bb.<\/p>\n<p>El estudio lleg\u00f3 a <strong>la conclusi\u00f3n de que los bosques<\/strong> ya han sido alterados por los seres humanos y es muy probable que sigan siendo alterados en el futuro previsible, lo que dar\u00e1 lugar a una continua reducci\u00f3n de la superficie y el tama\u00f1o de los bosques antiguos a nivel mundial.<\/p>\n<p>&nbsp;<\/p>\n<p>Fuente:\u00a0\u00a0 ECOticias<\/p>\n","protected":false},"excerpt":{"rendered":"<p>Los investigadores, dirigidos por el Laboratorio Nacional del Noroeste del <a href=\"https:\/\/sertv.gob.pa\/crisolfm\/arboles-cada-dia-mas-pequenos\/\"> [&#8230;]<\/a><\/p>\n","protected":false},"author":64,"featured_media":28691,"comment_status":"closed","ping_status":"closed","sticky":false,"template":"","format":"standard","meta":{"footnotes":""},"categories":[7],"tags":[],"class_list":["post-28690","post","type-post","status-publish","format-standard","has-post-thumbnail","hentry","category-ecologicas"],"_links":{"self":[{"href":"https:\/\/sertv.gob.pa\/crisolfm\/wp-json\/wp\/v2\/posts\/28690","targetHints":{"allow":["GET"]}}],"collection":[{"href":"https:\/\/sertv.gob.pa\/crisolfm\/wp-json\/wp\/v2\/posts"}],"about":[{"href":"https:\/\/sertv.gob.pa\/crisolfm\/wp-json\/wp\/v2\/types\/post"}],"author":[{"embeddable":true,"href":"https:\/\/sertv.gob.pa\/crisolfm\/wp-json\/wp\/v2\/users\/64"}],"replies":[{"embeddable":true,"href":"https:\/\/sertv.gob.pa\/crisolfm\/wp-json\/wp\/v2\/comments?post=28690"}],"version-history":[{"count":1,"href":"https:\/\/sertv.gob.pa\/crisolfm\/wp-json\/wp\/v2\/posts\/28690\/revisions"}],"predecessor-version":[{"id":28692,"href":"https:\/\/sertv.gob.pa\/crisolfm\/wp-json\/wp\/v2\/posts\/28690\/revisions\/28692"}],"wp:featuredmedia":[{"embeddable":true,"href":"https:\/\/sertv.gob.pa\/crisolfm\/wp-json\/wp\/v2\/media\/28691"}],"wp:attachment":[{"href":"https:\/\/sertv.gob.pa\/crisolfm\/wp-json\/wp\/v2\/media?parent=28690"}],"wp:term":[{"taxonomy":"category","embeddable":true,"href":"https:\/\/sertv.gob.pa\/crisolfm\/wp-json\/wp\/v2\/categories?post=28690"},{"taxonomy":"post_tag","embeddable":true,"href":"https:\/\/sertv.gob.pa\/crisolfm\/wp-json\/wp\/v2\/tags?post=28690"}],"curies":[{"name":"wp","href":"https:\/\/api.w.org\/{rel}","templated":true}]}}