{"id":28713,"date":"2020-06-01T13:32:42","date_gmt":"2020-06-01T13:32:42","guid":{"rendered":"https:\/\/sertv.gob.pa\/crisolfm\/?p=28713"},"modified":"2020-06-01T13:32:42","modified_gmt":"2020-06-01T13:32:42","slug":"fallece-el-artista-plastico-christo-maestro-del-embalaje-a-sus-84-anos","status":"publish","type":"post","link":"https:\/\/sertv.gob.pa\/crisolfm\/fallece-el-artista-plastico-christo-maestro-del-embalaje-a-sus-84-anos\/","title":{"rendered":"Fallece el artista pl\u00e1stico Christo, maestro del embalaje, a sus 84 a\u00f1os"},"content":{"rendered":"<p>El artista Christo, fallecido el domingo a los 84 a\u00f1os, dio su nombre a la famosa pareja de creadores pl\u00e1sticos que formaba con su mujer Jeanne-Claude, autores de espectaculares obras monumentales que necesitaban a\u00f1os de concepci\u00f3n y millones de d\u00f3lares para solo durar unos d\u00edas.<\/p>\n<p>Inventor de un nuevo g\u00e9nero art\u00edstico, \u00abel entelado del espacio\u00bb, Christo envolvi\u00f3 en tela el famoso Pont Neuf de Par\u00eds (1985) y el Reichstag de Berl\u00edn (1995), entre otras creaciones.<\/p>\n<p>Este hombre, de silueta esbelta y larga cabellera, ahora encanecida, muri\u00f3 \u00abpor causas naturales\u00bb en Nueva York, donde resid\u00eda desde hac\u00eda a\u00f1os, seg\u00fan un mensaje difundido por sus colaboradores en su p\u00e1gina Facebook.<\/p>\n<p>&nbsp;<\/p>\n<p>Fuente:\u00a0 AFP<\/p>\n<p>&nbsp;<\/p>\n","protected":false},"excerpt":{"rendered":"<p>El artista Christo, fallecido el domingo a los 84 a\u00f1os, <a href=\"https:\/\/sertv.gob.pa\/crisolfm\/fallece-el-artista-plastico-christo-maestro-del-embalaje-a-sus-84-anos\/\"> [&#8230;]<\/a><\/p>\n","protected":false},"author":64,"featured_media":28714,"comment_status":"closed","ping_status":"closed","sticky":false,"template":"","format":"standard","meta":{"footnotes":""},"categories":[6],"tags":[],"class_list":["post-28713","post","type-post","status-publish","format-standard","has-post-thumbnail","hentry","category-culturales"],"_links":{"self":[{"href":"https:\/\/sertv.gob.pa\/crisolfm\/wp-json\/wp\/v2\/posts\/28713","targetHints":{"allow":["GET"]}}],"collection":[{"href":"https:\/\/sertv.gob.pa\/crisolfm\/wp-json\/wp\/v2\/posts"}],"about":[{"href":"https:\/\/sertv.gob.pa\/crisolfm\/wp-json\/wp\/v2\/types\/post"}],"author":[{"embeddable":true,"href":"https:\/\/sertv.gob.pa\/crisolfm\/wp-json\/wp\/v2\/users\/64"}],"replies":[{"embeddable":true,"href":"https:\/\/sertv.gob.pa\/crisolfm\/wp-json\/wp\/v2\/comments?post=28713"}],"version-history":[{"count":1,"href":"https:\/\/sertv.gob.pa\/crisolfm\/wp-json\/wp\/v2\/posts\/28713\/revisions"}],"predecessor-version":[{"id":28715,"href":"https:\/\/sertv.gob.pa\/crisolfm\/wp-json\/wp\/v2\/posts\/28713\/revisions\/28715"}],"wp:featuredmedia":[{"embeddable":true,"href":"https:\/\/sertv.gob.pa\/crisolfm\/wp-json\/wp\/v2\/media\/28714"}],"wp:attachment":[{"href":"https:\/\/sertv.gob.pa\/crisolfm\/wp-json\/wp\/v2\/media?parent=28713"}],"wp:term":[{"taxonomy":"category","embeddable":true,"href":"https:\/\/sertv.gob.pa\/crisolfm\/wp-json\/wp\/v2\/categories?post=28713"},{"taxonomy":"post_tag","embeddable":true,"href":"https:\/\/sertv.gob.pa\/crisolfm\/wp-json\/wp\/v2\/tags?post=28713"}],"curies":[{"name":"wp","href":"https:\/\/api.w.org\/{rel}","templated":true}]}}