{"id":28716,"date":"2020-06-01T14:03:35","date_gmt":"2020-06-01T14:03:35","guid":{"rendered":"https:\/\/sertv.gob.pa\/crisolfm\/?p=28716"},"modified":"2020-06-01T14:03:35","modified_gmt":"2020-06-01T14:03:35","slug":"la-tormenta-amanda-deja-14-muertos-en-el-salvador","status":"publish","type":"post","link":"https:\/\/sertv.gob.pa\/crisolfm\/la-tormenta-amanda-deja-14-muertos-en-el-salvador\/","title":{"rendered":"La tormenta Amanda deja 14 muertos en El Salvador"},"content":{"rendered":"<p>La tormenta Amanda dej\u00f3 este domingo 14 muertos, viviendas destruidas o inundadas y cortes de electricidad en El Salvador, donde el gobierno decret\u00f3 el estado de emergencia, antes de perder fuerza tras entrar en Guatemala, donde tambi\u00e9n caus\u00f3 estragos.<\/p>\n<p>\u00abHemos vivido una situaci\u00f3n bastante dif\u00edcil (&#8230;) Lamentamos 14 fallecidos\u00bb y \u00abel n\u00famero se puede incrementar\u00bb, declar\u00f3 el ministro salvadore\u00f1o de Gobernaci\u00f3n, Mario Dur\u00e1n.<\/p>\n<p>El servicio meteorol\u00f3gico de Estados Unidos inform\u00f3 por la noche que la tormenta Amanda se hab\u00eda disipado, dejando remanentes en el norte de Guatemala.<\/p>\n<p>En la capital, San Salvador, murieron siete personas por el paso de la primera tormenta tropical de la temporada sobre el oc\u00e9ano Pac\u00edfico, indic\u00f3 el alcalde Ernesto Muyshondt.<\/p>\n<p>En la periferia de la capital se reportaron tres muertos: dos en Ciudad Delgado y uno en Soyapango. En el poblado de San Juan Opico, en el central departamento de La Libertad, tres miembros de una misma familia fallecieron.<\/p>\n<p>Las autoridades no precisaron donde falleci\u00f3 la otra v\u00edctima. Una persona est\u00e1 desaparecida en San Salvador, indic\u00f3 la jefa del gabinete de ministros de El Salvador, Carolina Recinos.<\/p>\n<p>Las fuertes lluvias inundaron m\u00e1s de 200 viviendas en el pa\u00eds y obligaron a evacuar a habitantes por el desbordamiento de r\u00edos y quebradas, seg\u00fan el director de Protecci\u00f3n Civil, William Hern\u00e1ndez. |<\/p>\n<p>Amanda derrib\u00f3 adem\u00e1s \u00e1rboles y provoc\u00f3 deslizamientos de tierra y cortes de electricidad, seg\u00fan la misma fuente.<\/p>\n<p>En San Salvador, 4.200 personas se refugiaron en albergues de Protecci\u00f3n Civil tras haber perdido sus casas o despu\u00e9s de ser evacuadas por residir en zonas de alto riesgo, se\u00f1al\u00f3 el alcalde Muyshondt.<\/p>\n<p>Las fuertes corrientes arrasaron 50 viviendas en la comunidad Nuevo Israel, en el oeste de la capital.<\/p>\n<p>\u00abVivimos una situaci\u00f3n sin precedentes, una emergencia de gran magnitud dentro de otra emergencia de enormes proporciones [por el contagio masivo por el coronavirus] como nunca se ha vivido en nuestro pa\u00eds\u00bb, exclam\u00f3 Muyshondt.<\/p>\n<p>El ministro de Medio Ambiente, Fernando L\u00f3pez, dijo que las lluvias dejaron en las \u00faltimas horas hasta 400 mil\u00edmetros de agua, mientras que el promedio acumulado en un a\u00f1o en el pa\u00eds es de 1.800 mil\u00edmetros.<\/p>\n<p>&nbsp;<\/p>\n<p>Fuente:\u00a0\u00a0 AFP<\/p>\n","protected":false},"excerpt":{"rendered":"<p>La tormenta Amanda dej\u00f3 este domingo 14 muertos, viviendas destruidas <a href=\"https:\/\/sertv.gob.pa\/crisolfm\/la-tormenta-amanda-deja-14-muertos-en-el-salvador\/\"> [&#8230;]<\/a><\/p>\n","protected":false},"author":64,"featured_media":28717,"comment_status":"closed","ping_status":"closed","sticky":false,"template":"","format":"standard","meta":{"footnotes":""},"categories":[7],"tags":[],"class_list":["post-28716","post","type-post","status-publish","format-standard","has-post-thumbnail","hentry","category-ecologicas"],"_links":{"self":[{"href":"https:\/\/sertv.gob.pa\/crisolfm\/wp-json\/wp\/v2\/posts\/28716","targetHints":{"allow":["GET"]}}],"collection":[{"href":"https:\/\/sertv.gob.pa\/crisolfm\/wp-json\/wp\/v2\/posts"}],"about":[{"href":"https:\/\/sertv.gob.pa\/crisolfm\/wp-json\/wp\/v2\/types\/post"}],"author":[{"embeddable":true,"href":"https:\/\/sertv.gob.pa\/crisolfm\/wp-json\/wp\/v2\/users\/64"}],"replies":[{"embeddable":true,"href":"https:\/\/sertv.gob.pa\/crisolfm\/wp-json\/wp\/v2\/comments?post=28716"}],"version-history":[{"count":1,"href":"https:\/\/sertv.gob.pa\/crisolfm\/wp-json\/wp\/v2\/posts\/28716\/revisions"}],"predecessor-version":[{"id":28718,"href":"https:\/\/sertv.gob.pa\/crisolfm\/wp-json\/wp\/v2\/posts\/28716\/revisions\/28718"}],"wp:featuredmedia":[{"embeddable":true,"href":"https:\/\/sertv.gob.pa\/crisolfm\/wp-json\/wp\/v2\/media\/28717"}],"wp:attachment":[{"href":"https:\/\/sertv.gob.pa\/crisolfm\/wp-json\/wp\/v2\/media?parent=28716"}],"wp:term":[{"taxonomy":"category","embeddable":true,"href":"https:\/\/sertv.gob.pa\/crisolfm\/wp-json\/wp\/v2\/categories?post=28716"},{"taxonomy":"post_tag","embeddable":true,"href":"https:\/\/sertv.gob.pa\/crisolfm\/wp-json\/wp\/v2\/tags?post=28716"}],"curies":[{"name":"wp","href":"https:\/\/api.w.org\/{rel}","templated":true}]}}