{"id":28719,"date":"2020-06-01T14:14:11","date_gmt":"2020-06-01T14:14:11","guid":{"rendered":"https:\/\/sertv.gob.pa\/crisolfm\/?p=28719"},"modified":"2020-06-01T14:14:11","modified_gmt":"2020-06-01T14:14:11","slug":"en-la-india-tormentas-de-inusitada-violencia-ocasionan-muertes-y-danan-al-taj-mahal","status":"publish","type":"post","link":"https:\/\/sertv.gob.pa\/crisolfm\/en-la-india-tormentas-de-inusitada-violencia-ocasionan-muertes-y-danan-al-taj-mahal\/","title":{"rendered":"En la India tormentas de inusitada violencia ocasionan muertes y da\u00f1an al Taj Mahal"},"content":{"rendered":"<p>Una serie de violentas tormentas, que el viernes provoc\u00f3 trece muertos en la regi\u00f3n de Agra (norte de India), tambi\u00e9n da\u00f1\u00f3 la puerta principal y dos barandillas del Taj Mahal, se inform\u00f3 oficialmente este domingo.<\/p>\n<p>El Taj Mahal, considerado una de las Siete maravillas del mundo moderno y la principal atracci\u00f3n tur\u00edstica de India, se encontraba cerrado desde mediados de marzo a causa de la pandemia de covid-19.<\/p>\n<p>Im\u00e1genes captadas por la AFP muestran parte de una balaustrada destruida.<\/p>\n<p>\u00abUn bala\u00fastre, parte de la estructura original del monumento result\u00f3 da\u00f1ado\u00bb, indic\u00f3 a la AFP el responsable de los Servicios arqueol\u00f3gicos de India, Vasant Kumar Swarnkar.<\/p>\n<p>\u00abTambi\u00e9n sufrieron da\u00f1os una baranda m\u00e1s reciente y un falso techo en la zona donde esperan los turistas (para ingresar), as\u00ed como la base de la puerta de entrada principal al lugar\u00bb, a\u00f1adi\u00f3.<\/p>\n<p>No obstante, la estructura principal del mausoleo construido por el emperador mogol Shah Jahan en memoria de su esposa Mumtaz Mahal, fallecida en 1631, qued\u00f3 intacta.<\/p>\n<p>El viernes, violentas tormentas asolaron toda la regi\u00f3n, provocando la muerte de al menos trece personas.<\/p>\n<p>Este tipo de tempestades mort\u00edferas son comunes durante la temporada del (viento) Monz\u00f3n en India, entre junio y octubre.<\/p>\n<p>&nbsp;<\/p>\n<p>Fuente:\u00a0 AFP<\/p>\n","protected":false},"excerpt":{"rendered":"<p>Una serie de violentas tormentas, que el viernes provoc\u00f3 trece <a href=\"https:\/\/sertv.gob.pa\/crisolfm\/en-la-india-tormentas-de-inusitada-violencia-ocasionan-muertes-y-danan-al-taj-mahal\/\"> [&#8230;]<\/a><\/p>\n","protected":false},"author":64,"featured_media":28720,"comment_status":"closed","ping_status":"closed","sticky":false,"template":"","format":"standard","meta":{"footnotes":""},"categories":[6],"tags":[],"class_list":["post-28719","post","type-post","status-publish","format-standard","has-post-thumbnail","hentry","category-culturales"],"_links":{"self":[{"href":"https:\/\/sertv.gob.pa\/crisolfm\/wp-json\/wp\/v2\/posts\/28719","targetHints":{"allow":["GET"]}}],"collection":[{"href":"https:\/\/sertv.gob.pa\/crisolfm\/wp-json\/wp\/v2\/posts"}],"about":[{"href":"https:\/\/sertv.gob.pa\/crisolfm\/wp-json\/wp\/v2\/types\/post"}],"author":[{"embeddable":true,"href":"https:\/\/sertv.gob.pa\/crisolfm\/wp-json\/wp\/v2\/users\/64"}],"replies":[{"embeddable":true,"href":"https:\/\/sertv.gob.pa\/crisolfm\/wp-json\/wp\/v2\/comments?post=28719"}],"version-history":[{"count":1,"href":"https:\/\/sertv.gob.pa\/crisolfm\/wp-json\/wp\/v2\/posts\/28719\/revisions"}],"predecessor-version":[{"id":28721,"href":"https:\/\/sertv.gob.pa\/crisolfm\/wp-json\/wp\/v2\/posts\/28719\/revisions\/28721"}],"wp:featuredmedia":[{"embeddable":true,"href":"https:\/\/sertv.gob.pa\/crisolfm\/wp-json\/wp\/v2\/media\/28720"}],"wp:attachment":[{"href":"https:\/\/sertv.gob.pa\/crisolfm\/wp-json\/wp\/v2\/media?parent=28719"}],"wp:term":[{"taxonomy":"category","embeddable":true,"href":"https:\/\/sertv.gob.pa\/crisolfm\/wp-json\/wp\/v2\/categories?post=28719"},{"taxonomy":"post_tag","embeddable":true,"href":"https:\/\/sertv.gob.pa\/crisolfm\/wp-json\/wp\/v2\/tags?post=28719"}],"curies":[{"name":"wp","href":"https:\/\/api.w.org\/{rel}","templated":true}]}}