{"id":28722,"date":"2020-06-01T14:20:42","date_gmt":"2020-06-01T14:20:42","guid":{"rendered":"https:\/\/sertv.gob.pa\/crisolfm\/?p=28722"},"modified":"2020-06-01T14:20:42","modified_gmt":"2020-06-01T14:20:42","slug":"reabre-la-explanada-de-notre-dame-en-paris-cerrada-desde-el-incendio","status":"publish","type":"post","link":"https:\/\/sertv.gob.pa\/crisolfm\/reabre-la-explanada-de-notre-dame-en-paris-cerrada-desde-el-incendio\/","title":{"rendered":"Reabre la explanada de Notre-Dame en Par\u00eds, cerrada desde el incendio"},"content":{"rendered":"<p>La explanada de Notre-Dame de Par\u00eds, cerrada al p\u00fablico desde el incendio de la catedral hace m\u00e1s de un a\u00f1o, volvi\u00f3 a ser abierta este domingo, lo que el ministro franc\u00e9s de\u00a0Cultura\u00a0consider\u00f3 un \u00abhermoso s\u00edmbolo\u00bb y la alcaldesa de Par\u00eds una \u00abforma de renacimiento\u00bb.<\/p>\n<p>La apertura de la explanada, en este d\u00eda de Pentecost\u00e9s, se produjo en presencia del ministro Frank Riester, de la alcaldesa Anne Hidalgo, as\u00ed como del arzobispo de Par\u00eds, monse\u00f1or Michel Aupetit, entre otras personalidades. Todos con mascarillas de protecci\u00f3n contra la covid-19.<\/p>\n<p>Debido al incendio del 15 de abril de 2019, la explanada y la calle que conduce a ella \u00absufrieron una contaminaci\u00f3n con plomo que provoc\u00f3 el cierre inmediato del lugar\u00bb, recordaron las instancias encargadas de la renovaci\u00f3n del monumento.<\/p>\n<p>Tras emitirse una \u00abopini\u00f3n favorable\u00bb de la agencia regional de Salud, las autoridades policiales de Par\u00eds autorizaron la reapertura del lugar.<\/p>\n<p>Esta reapertura es una \u00abprimera etapa para recuperar Notre-Dame\u00bb, dijo Riester.<\/p>\n<p>La obra destinada a garantizar la estructura de Notre-Dame incendiada, suspendida a mediados de marzo debido al coronavirus, se reanudar\u00e1 muy progresivamente, siempre con el objetivo de restaurar la catedral hacia 2024.<\/p>\n<p>&nbsp;<\/p>\n<p>Fuente:\u00a0\u00a0 AFP<\/p>\n","protected":false},"excerpt":{"rendered":"<p>La explanada de Notre-Dame de Par\u00eds, cerrada al p\u00fablico desde <a href=\"https:\/\/sertv.gob.pa\/crisolfm\/reabre-la-explanada-de-notre-dame-en-paris-cerrada-desde-el-incendio\/\"> [&#8230;]<\/a><\/p>\n","protected":false},"author":64,"featured_media":28723,"comment_status":"closed","ping_status":"closed","sticky":false,"template":"","format":"standard","meta":{"footnotes":""},"categories":[6],"tags":[],"class_list":["post-28722","post","type-post","status-publish","format-standard","has-post-thumbnail","hentry","category-culturales"],"_links":{"self":[{"href":"https:\/\/sertv.gob.pa\/crisolfm\/wp-json\/wp\/v2\/posts\/28722","targetHints":{"allow":["GET"]}}],"collection":[{"href":"https:\/\/sertv.gob.pa\/crisolfm\/wp-json\/wp\/v2\/posts"}],"about":[{"href":"https:\/\/sertv.gob.pa\/crisolfm\/wp-json\/wp\/v2\/types\/post"}],"author":[{"embeddable":true,"href":"https:\/\/sertv.gob.pa\/crisolfm\/wp-json\/wp\/v2\/users\/64"}],"replies":[{"embeddable":true,"href":"https:\/\/sertv.gob.pa\/crisolfm\/wp-json\/wp\/v2\/comments?post=28722"}],"version-history":[{"count":1,"href":"https:\/\/sertv.gob.pa\/crisolfm\/wp-json\/wp\/v2\/posts\/28722\/revisions"}],"predecessor-version":[{"id":28724,"href":"https:\/\/sertv.gob.pa\/crisolfm\/wp-json\/wp\/v2\/posts\/28722\/revisions\/28724"}],"wp:featuredmedia":[{"embeddable":true,"href":"https:\/\/sertv.gob.pa\/crisolfm\/wp-json\/wp\/v2\/media\/28723"}],"wp:attachment":[{"href":"https:\/\/sertv.gob.pa\/crisolfm\/wp-json\/wp\/v2\/media?parent=28722"}],"wp:term":[{"taxonomy":"category","embeddable":true,"href":"https:\/\/sertv.gob.pa\/crisolfm\/wp-json\/wp\/v2\/categories?post=28722"},{"taxonomy":"post_tag","embeddable":true,"href":"https:\/\/sertv.gob.pa\/crisolfm\/wp-json\/wp\/v2\/tags?post=28722"}],"curies":[{"name":"wp","href":"https:\/\/api.w.org\/{rel}","templated":true}]}}