{"id":28731,"date":"2020-06-01T16:14:01","date_gmt":"2020-06-01T16:14:01","guid":{"rendered":"https:\/\/sertv.gob.pa\/crisolfm\/?p=28731"},"modified":"2020-06-01T16:14:01","modified_gmt":"2020-06-01T16:14:01","slug":"para-conservar-la-biodiversidad-biologica-los-santos-desarrolla-acciones-resilientes","status":"publish","type":"post","link":"https:\/\/sertv.gob.pa\/crisolfm\/para-conservar-la-biodiversidad-biologica-los-santos-desarrolla-acciones-resilientes\/","title":{"rendered":"Para conservar la biodiversidad biol\u00f3gica, Los Santos desarrolla acciones resilientes"},"content":{"rendered":"<p>El equipo t\u00e9cnico de \u00c1reas Protegidas y Vida Silvestre del Ministerio de Ambiente en Los Santos, ayuda a conservar la biodiversidad\u00a0biol\u00f3gica de las especies silvestres a trav\u00e9s de las acciones resilientes por medio de la\u00a0reintegraci\u00f3n y protecci\u00f3n\u00a0de animales\u00a0silvestres en la provincia.<\/p>\n<p>Ra\u00fal Castro, de MiAmbiente Los Santos,\u00a0dijo que en estos tiempos de cuarentena por el COVID-19 se ha podido observar\u00a0eventos inusuales\u00a0con la vida silvestre en muchos pa\u00edses, demostrando que el ser humano con sus actividades ha ido gestando un desequilibrio biol\u00f3gico que afecta la cadena atr\u00f3fica de muchas especies\u00a0y ecosistemas de seres vivos existentes en el medio ambiente.<\/p>\n<p>Por ende, el Ministerio de Ambiente en la b\u00fasqueda de ese equilibrio \u00a0est\u00e1 \u00a0peri\u00f3dicamente \u00a0llevando a cabo un sin n\u00famero de acciones en v\u00eda de la conservaci\u00f3n y preservaci\u00f3n de la riqueza biol\u00f3gica de nuestro medio, por ello las acciones de reintegraci\u00f3n \u00a0de animales de la vida silvestre a\u00a0 su h\u00e1bitat natural\u00a0 es uno de los mayores aporte al restablecimiento de diversidad de ecosistemas que dependen de muchos espec\u00edmenes y a su vez \u00a0funcionan como polinizadores, diseminadores de semilla, contribuyendo a fortalecer diversos recursos naturales de una zona.<\/p>\n<p>Seg\u00fan Castro, en la provincia de Los Santos en lo que va del a\u00f1o, se han efectuado m\u00e1s de 40\u00a0reintegro de animales de distintas especies entre ellas: \u00a0cocodrilos, gato hormiguero, zarig\u00fceya, boas constrictor, pericos barbinaranjas, b\u00fahos, monos, entre otros que se encuentran dentro de residencias o locales comerciales y los mismos son liberados en un \u00e1rea protegida que re\u00fana las caracter\u00edsticas seg\u00fan su h\u00e1bitat para asegurar su funci\u00f3n natural.<\/p>\n<p>Por otro lado, la contaminaci\u00f3n, la tala, las quemas y las especies for\u00e1neas que se naturalizan con las aut\u00f3ctonas por los recursos de desplazamiento de h\u00e1bitat, causan graves alteraciones en los ecosistemas, \u00a0lo cual puede ser muy dif\u00edcil de erradicar, sumado a esto el modelo alimentario vigente que ha fomentado el monocultivo intensivo y la p\u00e9rdida de miles de variedades de especies cultivadas y adaptadas a las distintas condiciones del mundo cuyo proceso de domesticaci\u00f3n se ha conseguido a lo largo de la historia, puntualiz\u00f3 el funcionario.<\/p>\n<p>Finalmente, \u201ctodos somos llamados a contribuir desde la\u00a0creaci\u00f3n del mundo a la protecci\u00f3n y conservaci\u00f3n de la naturaleza, ya que cada a\u00f1o desaparecen miles de especies vegetales y animales que \u00a0nuestros hijos no podr\u00e1n ver, y por nuestra causa ya no dar\u00e1n gloria a Dios con su existencia, no tenemos derecho\u201d, dijo el \u00a0papa Francisco como parte de la Enc\u00edclica Laudato S\u00ed.<\/p>\n<p>&nbsp;<\/p>\n<p>Fuente:\u00a0 MiAmbiente<\/p>\n","protected":false},"excerpt":{"rendered":"<p>El equipo t\u00e9cnico de \u00c1reas Protegidas y Vida Silvestre del <a href=\"https:\/\/sertv.gob.pa\/crisolfm\/para-conservar-la-biodiversidad-biologica-los-santos-desarrolla-acciones-resilientes\/\"> [&#8230;]<\/a><\/p>\n","protected":false},"author":64,"featured_media":28732,"comment_status":"closed","ping_status":"closed","sticky":false,"template":"","format":"standard","meta":{"footnotes":""},"categories":[7],"tags":[],"class_list":["post-28731","post","type-post","status-publish","format-standard","has-post-thumbnail","hentry","category-ecologicas"],"_links":{"self":[{"href":"https:\/\/sertv.gob.pa\/crisolfm\/wp-json\/wp\/v2\/posts\/28731","targetHints":{"allow":["GET"]}}],"collection":[{"href":"https:\/\/sertv.gob.pa\/crisolfm\/wp-json\/wp\/v2\/posts"}],"about":[{"href":"https:\/\/sertv.gob.pa\/crisolfm\/wp-json\/wp\/v2\/types\/post"}],"author":[{"embeddable":true,"href":"https:\/\/sertv.gob.pa\/crisolfm\/wp-json\/wp\/v2\/users\/64"}],"replies":[{"embeddable":true,"href":"https:\/\/sertv.gob.pa\/crisolfm\/wp-json\/wp\/v2\/comments?post=28731"}],"version-history":[{"count":1,"href":"https:\/\/sertv.gob.pa\/crisolfm\/wp-json\/wp\/v2\/posts\/28731\/revisions"}],"predecessor-version":[{"id":28733,"href":"https:\/\/sertv.gob.pa\/crisolfm\/wp-json\/wp\/v2\/posts\/28731\/revisions\/28733"}],"wp:featuredmedia":[{"embeddable":true,"href":"https:\/\/sertv.gob.pa\/crisolfm\/wp-json\/wp\/v2\/media\/28732"}],"wp:attachment":[{"href":"https:\/\/sertv.gob.pa\/crisolfm\/wp-json\/wp\/v2\/media?parent=28731"}],"wp:term":[{"taxonomy":"category","embeddable":true,"href":"https:\/\/sertv.gob.pa\/crisolfm\/wp-json\/wp\/v2\/categories?post=28731"},{"taxonomy":"post_tag","embeddable":true,"href":"https:\/\/sertv.gob.pa\/crisolfm\/wp-json\/wp\/v2\/tags?post=28731"}],"curies":[{"name":"wp","href":"https:\/\/api.w.org\/{rel}","templated":true}]}}